{"id":314,"date":"2020-11-28T21:02:47","date_gmt":"2020-11-29T02:02:47","guid":{"rendered":"http:\/\/kolajmagazine.com\/collage-communities\/?p=314"},"modified":"2023-10-05T16:11:58","modified_gmt":"2023-10-05T20:11:58","slug":"centro-de-estudios-del-collage","status":"publish","type":"post","link":"http:\/\/kolajmagazine.com\/collage-communities\/centro-de-estudios-del-collage\/","title":{"rendered":"Centro de Estudios del Collage"},"content":{"rendered":"\n<figure class=\"wp-block-image size-full\"><img decoding=\"async\" loading=\"lazy\" width=\"700\" height=\"821\" src=\"http:\/\/kolajmagazine.com\/collage-communities\/wp-content\/uploads\/2020\/11\/manos-de-iris-lucy-in-the-sky.jpg\" alt=\"\" class=\"wp-image-315\" srcset=\"http:\/\/kolajmagazine.com\/collage-communities\/wp-content\/uploads\/2020\/11\/manos-de-iris-lucy-in-the-sky.jpg 700w, http:\/\/kolajmagazine.com\/collage-communities\/wp-content\/uploads\/2020\/11\/manos-de-iris-lucy-in-the-sky-256x300.jpg 256w, http:\/\/kolajmagazine.com\/collage-communities\/wp-content\/uploads\/2020\/11\/manos-de-iris-lucy-in-the-sky-210x246.jpg 210w\" sizes=\"(max-width: 700px) 100vw, 700px\" \/><figcaption class=\"wp-element-caption\"><em>Lucy in the Sky<\/em> by Manos de Iris<br>digital collage; 2020. Courtesy of artist.<\/figcaption><\/figure>\n\n\n\n<h1>Centro de Estudios del Collage<\/h1>\n\n\n\n<p>Chile<\/p>\n\n\n\n<h2>HISTORY<\/h2>\n\n\n\n<p>&#8220;Material fragility, a diverse world, the appropriation of images and constant change as premises derived from the social outbreak in Chile and the current pandemic, create the need to trace, connect and make visible collage in Chile. This is how the Centro de Estudios del Collage was born.\u201d The group is a creation of collagist and filmmaker Marco Antonio N\u00fa\u00f1ez. Joining this mission are actress and collagist Constanza Sep\u00falveda-Manos de Iris and professor of biology and collagist Emilio Fuentes Traverso, philosophy professor George Lembach, graphic designer Anibal Toro Figueroa, and collagist and journalist Andrea Valderrama Yevilao, and sociocultural anthropologist and dancer Omar Campos. Together, they \u201cinvite collagists with a common vision to write the Chile\u2019s history of collage.\u201d<\/p>\n\n\n\n<p>\u201cWe believe that CECOLL is a space that is built together, so good ideas are always welcome,\u201d N\u00fa\u00f1ez writes. \u201cWe generally research a motif and expose it to the community through an article and a conversation with the protagonists. We exposed the history of the collages stolen during the civic-military dictatorship. The conversation was with Amal\u00e1 Saint Pierre, granddaughter and researcher of one of the makers of these collages. We celebrated collage and death, with the anthropologists Jazmin Cerbello and Constanza S. Gomez. We create links with different disciplines such as pedagogy, philosophy, music and anthropology. In this sense, we reflect on the use and decontextualization of iconic images that are part of a global collective imagination.\u201d<\/p>\n\n\n\n<figure class=\"wp-block-image size-full\"><img decoding=\"async\" loading=\"lazy\" width=\"700\" height=\"700\" src=\"http:\/\/kolajmagazine.com\/collage-communities\/wp-content\/uploads\/2020\/11\/anibal-toro-figueroa-vanidades.jpg\" alt=\"\" class=\"wp-image-316\" srcset=\"http:\/\/kolajmagazine.com\/collage-communities\/wp-content\/uploads\/2020\/11\/anibal-toro-figueroa-vanidades.jpg 700w, http:\/\/kolajmagazine.com\/collage-communities\/wp-content\/uploads\/2020\/11\/anibal-toro-figueroa-vanidades-300x300.jpg 300w, http:\/\/kolajmagazine.com\/collage-communities\/wp-content\/uploads\/2020\/11\/anibal-toro-figueroa-vanidades-150x150.jpg 150w, http:\/\/kolajmagazine.com\/collage-communities\/wp-content\/uploads\/2020\/11\/anibal-toro-figueroa-vanidades-210x210.jpg 210w\" sizes=\"(max-width: 700px) 100vw, 700px\" \/><figcaption class=\"wp-element-caption\"><em>Vanidades <\/em>by Anibal Toro Figueroa <br>7.48&#8243;x7.48&#8243;; handmade collage; 2020. Courtesy of the artist.<\/figcaption><\/figure>\n\n\n\n<h2>MISSION<\/h2>\n\n\n\n<p>The mission of CECOLL is \u201cto construct a possible history of non-linear collage that rescues our fragmented memory, with an emphasis on our images and sociocultural processes linked to appropriationist artistic practices that are based on the creation of new images.\u201d<\/p>\n\n\n<div class=\"wp-block-image\">\n<figure class=\"alignright size-thumbnail\"><img decoding=\"async\" loading=\"lazy\" width=\"150\" height=\"150\" src=\"http:\/\/kolajmagazine.com\/collage-communities\/wp-content\/uploads\/2020\/11\/cecoll-logo-150x150.jpg\" alt=\"\" class=\"wp-image-318\" srcset=\"http:\/\/kolajmagazine.com\/collage-communities\/wp-content\/uploads\/2020\/11\/cecoll-logo-150x150.jpg 150w, http:\/\/kolajmagazine.com\/collage-communities\/wp-content\/uploads\/2020\/11\/cecoll-logo-300x300.jpg 300w, http:\/\/kolajmagazine.com\/collage-communities\/wp-content\/uploads\/2020\/11\/cecoll-logo-210x210.jpg 210w, http:\/\/kolajmagazine.com\/collage-communities\/wp-content\/uploads\/2020\/11\/cecoll-logo.jpg 700w\" sizes=\"(max-width: 150px) 100vw, 150px\" \/><\/figure><\/div>\n\n\n<h2>JOIN<\/h2>\n\n\n\n<p>Anyone is invited to join a lecture, write an article, or propose a topic. Contact CECOLL through social media or their website. Events take place in Spanish.<\/p>\n\n\n\n<h2>KEY ACTIVITIES<\/h2>\n\n\n\n<p><strong>Workshops &amp; Lectures<\/strong><br>Once a month, the group hosts a \u201cCreative Dialogue\u201d where they \u201creflect on the scope of collage in different areas of life.\u201d<\/p>\n\n\n\n<p><strong>Publication<\/strong><br>CECOLL is in the process of creating the first collage anthology of Chilean collage.<\/p>\n\n\n\n<h2>CONTACT<\/h2>\n\n\n\n<p><a rel=\"noreferrer noopener\" href=\"http:\/\/www.cecoll.com\/\" target=\"_blank\">WEBSITE <\/a>| <a rel=\"noreferrer noopener\" href=\"mailto:cecollage@gmail.com\" target=\"_blank\">EMAIL <\/a>| <a rel=\"noreferrer noopener\" href=\"http:\/\/www.instagram.com\/cecoll\" target=\"_blank\">INSTAGRAM <\/a>| <a rel=\"noreferrer noopener\" href=\"https:\/\/www.facebook.com\/Centro-de-Estudios-del-Collage-106548197818046\" target=\"_blank\">FACEBOOK<\/a><\/p>\n\n\n\n<figure class=\"wp-block-image size-full\"><img decoding=\"async\" loading=\"lazy\" width=\"700\" height=\"480\" src=\"http:\/\/kolajmagazine.com\/collage-communities\/wp-content\/uploads\/2020\/11\/emilio-fuentes-traverso-evolucionno.jpg\" alt=\"\" class=\"wp-image-317\" srcset=\"http:\/\/kolajmagazine.com\/collage-communities\/wp-content\/uploads\/2020\/11\/emilio-fuentes-traverso-evolucionno.jpg 700w, http:\/\/kolajmagazine.com\/collage-communities\/wp-content\/uploads\/2020\/11\/emilio-fuentes-traverso-evolucionno-300x206.jpg 300w, http:\/\/kolajmagazine.com\/collage-communities\/wp-content\/uploads\/2020\/11\/emilio-fuentes-traverso-evolucionno-210x144.jpg 210w\" sizes=\"(max-width: 700px) 100vw, 700px\" \/><figcaption class=\"wp-element-caption\"><em>Evoluci\u00f3n(no)<\/em> by Emilio Fuentes Traverso <br>13.77&#215;19.68&#8243;; photographic printing on Epson Premium Photoluster paper (260 grams), papers and pictures from magazines. Courtesy of the artist.<\/figcaption><\/figure>\n","protected":false},"excerpt":{"rendered":"<p> Chile<\/p>\n","protected":false},"author":3,"featured_media":315,"comment_status":"closed","ping_status":"closed","sticky":false,"template":"","format":"standard","meta":[],"categories":[35,34],"tags":[],"jetpack_featured_media_url":"http:\/\/kolajmagazine.com\/collage-communities\/wp-content\/uploads\/2020\/11\/manos-de-iris-lucy-in-the-sky.jpg","_links":{"self":[{"href":"http:\/\/kolajmagazine.com\/collage-communities\/wp-json\/wp\/v2\/posts\/314"}],"collection":[{"href":"http:\/\/kolajmagazine.com\/collage-communities\/wp-json\/wp\/v2\/posts"}],"about":[{"href":"http:\/\/kolajmagazine.com\/collage-communities\/wp-json\/wp\/v2\/types\/post"}],"author":[{"embeddable":true,"href":"http:\/\/kolajmagazine.com\/collage-communities\/wp-json\/wp\/v2\/users\/3"}],"replies":[{"embeddable":true,"href":"http:\/\/kolajmagazine.com\/collage-communities\/wp-json\/wp\/v2\/comments?post=314"}],"version-history":[{"count":2,"href":"http:\/\/kolajmagazine.com\/collage-communities\/wp-json\/wp\/v2\/posts\/314\/revisions"}],"predecessor-version":[{"id":563,"href":"http:\/\/kolajmagazine.com\/collage-communities\/wp-json\/wp\/v2\/posts\/314\/revisions\/563"}],"wp:featuredmedia":[{"embeddable":true,"href":"http:\/\/kolajmagazine.com\/collage-communities\/wp-json\/wp\/v2\/media\/315"}],"wp:attachment":[{"href":"http:\/\/kolajmagazine.com\/collage-communities\/wp-json\/wp\/v2\/media?parent=314"}],"wp:term":[{"taxonomy":"category","embeddable":true,"href":"http:\/\/kolajmagazine.com\/collage-communities\/wp-json\/wp\/v2\/categories?post=314"},{"taxonomy":"post_tag","embeddable":true,"href":"http:\/\/kolajmagazine.com\/collage-communities\/wp-json\/wp\/v2\/tags?post=314"}],"curies":[{"name":"wp","href":"https:\/\/api.w.org\/{rel}","templated":true}]}}