{"id":11781,"date":"2021-11-12T16:01:12","date_gmt":"2021-11-12T21:01:12","guid":{"rendered":"http:\/\/kolajmagazine.com\/content\/?p=11781"},"modified":"2021-11-13T13:08:32","modified_gmt":"2021-11-13T18:08:32","slug":"new-book-tissue-box-a-pandemic-response","status":"publish","type":"post","link":"http:\/\/kolajmagazine.com\/content\/content\/collage-books\/new-book-tissue-box-a-pandemic-response\/","title":{"rendered":"New Book: Tissue Box: A pandemic response"},"content":{"rendered":"\n<figure class=\"wp-block-image size-full\"><img decoding=\"async\" loading=\"lazy\" width=\"700\" height=\"1006\" src=\"http:\/\/kolajmagazine.com\/content\/wp-content\/uploads\/Tissue-Box-Cover.jpg\" alt=\"\" class=\"wp-image-11782\" srcset=\"http:\/\/kolajmagazine.com\/content\/wp-content\/uploads\/Tissue-Box-Cover.jpg 700w, http:\/\/kolajmagazine.com\/content\/wp-content\/uploads\/Tissue-Box-Cover-600x862.jpg 600w, http:\/\/kolajmagazine.com\/content\/wp-content\/uploads\/Tissue-Box-Cover-300x431.jpg 300w, http:\/\/kolajmagazine.com\/content\/wp-content\/uploads\/Tissue-Box-Cover-560x805.jpg 560w, http:\/\/kolajmagazine.com\/content\/wp-content\/uploads\/Tissue-Box-Cover-260x374.jpg 260w, http:\/\/kolajmagazine.com\/content\/wp-content\/uploads\/Tissue-Box-Cover-160x230.jpg 160w\" sizes=\"(max-width: 700px) 100vw, 700px\" \/><\/figure>\n\n\n\n<p>PUBLICATION ANNOUNCEMENT<\/p>\n\n\n\n<h2 class=\"wp-block-heading\">Tissue Box: A pandemic response\/Boite \u00e0 mouchoir: Une r\u00e9ponse \u00e0 la pand\u00e9mie&nbsp;<\/h2>\n\n\n\n<p><strong>by <a rel=\"noreferrer noopener\" href=\"http:\/\/quebeccollage.com\/en\/home\/\" target=\"_blank\">Qu\u00e9bec Collage<\/a>, 2021<\/strong><\/p>\n\n\n\n<p>In Spring 2020, as the world was going into lockdown due to the COVID-19 pandemic, Quebec Collagiste Virginie Maltais felt a deep need for a point of reference. Her solution was a project that asked collage artists from around the world to make a collage using the top of a tissue box. Selections from the project are published in the book, <em>Tissue Box: A pandemic response\/Boite \u00e0 mouchoir: Une r\u00e9ponse \u00e0 la pand\u00e9mie<\/em>.<\/p>\n\n\n\n<p>&#8220;The tissue box is always nearby when you have a cold or flu. COVID was compared to a flu at first. We now know that it is something else entirely. The tissue box is also there when you cry, whether because you lost your job, lost someone close to you, lost a project. There were many reasons to cry at that time for many of us!&#8221; wrote Maltais. &#8220;I also realized that the top of the tissue box could make a frame and that there were several ways to highlight this property through collage and that collagists could take advantage of it to remind us of our situation.&#8221;<\/p>\n\n\n\n<p>&#8220;Small projects are important. When you start and manage to finish something, you regain your courage and hope. But, really, there is no such thing as a small project. Big projects are made of many small steps. Step by step, we move forward. Together. It was all of these small steps, together, that led to the creation of this book.&#8221;<\/p>\n\n\n\n<p>Maltais worked with Kolaj Institute and Kasini House to produce a bilingual book about the project.&nbsp;<\/p>\n\n\n\n<h2 class=\"wp-block-heading\"><a href=\"https:\/\/shop.kasinihouseartshop.com\/product\/tissue-box\" target=\"_blank\" rel=\"noreferrer noopener\">ORDER A COPY<\/a><\/h2>\n\n\n\n<figure class=\"wp-block-image size-full\"><img decoding=\"async\" loading=\"lazy\" width=\"700\" height=\"913\" src=\"http:\/\/kolajmagazine.com\/content\/wp-content\/uploads\/cheryl-kater-calgary-canada.jpg\" alt=\"\" class=\"wp-image-11785\" srcset=\"http:\/\/kolajmagazine.com\/content\/wp-content\/uploads\/cheryl-kater-calgary-canada.jpg 700w, http:\/\/kolajmagazine.com\/content\/wp-content\/uploads\/cheryl-kater-calgary-canada-600x783.jpg 600w, http:\/\/kolajmagazine.com\/content\/wp-content\/uploads\/cheryl-kater-calgary-canada-300x391.jpg 300w, http:\/\/kolajmagazine.com\/content\/wp-content\/uploads\/cheryl-kater-calgary-canada-560x730.jpg 560w, http:\/\/kolajmagazine.com\/content\/wp-content\/uploads\/cheryl-kater-calgary-canada-260x339.jpg 260w, http:\/\/kolajmagazine.com\/content\/wp-content\/uploads\/cheryl-kater-calgary-canada-160x209.jpg 160w\" sizes=\"(max-width: 700px) 100vw, 700px\" \/><figcaption>Cheryl Kater, Alberta, Canada. Courtesy of the artist.<\/figcaption><\/figure>\n\n\n\n<h2 class=\"wp-block-heading\">ARTISTS INCLUDED IN THE BOOK:<\/h2>\n\n\n\n<p>Virginie Maltais | Veronica Bartlett | Seema Shah | Sarah Hamel | Rosemary Rae | Robert Bruce Scott | Rita Yanny Madison | Richard Raymond | RF C\u00f4t\u00e9 | Ralph Dobbins | Raf Cruz | Patricia Doucet | Normand Brodeur | Nathalie Paquette | Nadia Nadege | Molly Krolczyk | Mimi Wasilewska | M\u00e9li Hoffman | Marie-Dominique Rouleau | Maria Clara Ramos Alves Borges | Margaret Jeddry | Lulu Ludlum | Louich De Cournoye | Lenka Kvasnickova | Kenzie Dickens | Julie Clouatre | Julie Clark | Josianne Cyr | Jessica Ricard | Jerome Bertrand | Jean-Marie Moncelet | Janelle De Bellefeuille | Jacques Ammann | Jacqueline Achermann | Ilona Belle | Ida Csap\u00f3 CSI | Helen Hall | Guylaine Couture | Francois-Xavier Vigneault-Marcil | \u00c9rick Champagne | \u00c9milie L\u00e9ger | Elodie HB | Diane Tremblay | Deborah Saks | Danielle Des Ormeaux | Clive Knights | Cielo Ornelas MacFarlane | Cheryl Kater | Catherine Rondeau | Carol Priamo | Basilic Brubeck | Ani M\u00fcller | Alain Lapierre<\/p>\n\n\n\n<h2 class=\"wp-block-heading\">ABOUT QU\u00c9BEC COLLAGE<\/h2>\n\n\n\n<p>Qu\u00e9bec Collage promotes creativity, diversity, and art education. They do this by curating exhibitions, initiating local projects, connecting the local and international communities by translating open calls, and providing a safe space for people to discuss their passion for collage and their own practice. To get involved, Qu\u00e9bec-based artists should contact Qu\u00e9bec Collage to share their work or to promote upcoming collage exhibitions. Qu\u00e9bec Collage posts one new artist a day on their website and is always looking for artists to feature in upcoming exhibitions. Once a year, Qu\u00e9bec Collage hosts a project open to international communities. Qu\u00e9bec Collage invites those communities to let them know about any open calls, will translate them (if necessary), and will help promote them to a wider audience. Learn more at <a rel=\"noreferrer noopener\" href=\"http:\/\/quebeccollage.com\/en\/home\/\" target=\"_blank\">www.quebeccollage.com<\/a>. <\/p>\n\n\n\n<h2 class=\"wp-block-heading\">ABOUT KOLAJ INSTITUTE<\/h2>\n\n\n\n<p>The mission of Kolaj Institute is to support artists, curators, and writers who seek to study, document, &amp; disseminate ideas that deepen our understanding of collage as a medium, a genre, a community, and a 21st century movement. We operate a number of initiatives meant to bring together community, investigate critical issues, and raise collage\u2019s standing in the art world. Learn more at <a rel=\"noreferrer noopener\" href=\"http:\/\/www.kolajinstitute.org\" target=\"_blank\">www.kolajinstitute.org<\/a>.<\/p>\n","protected":false},"excerpt":{"rendered":"<p>PUBLICATION ANNOUNCEMENT Tissue Box: A pandemic response\/Boite \u00e0 mouchoir: Une r\u00e9ponse \u00e0 la pand\u00e9mie&nbsp; by Qu\u00e9bec Collage, 2021 In Spring 2020, as the world was going into lockdown due to the COVID-19 pandemic, Quebec Collagiste Virginie Maltais felt a deep&hellip;<\/p>\n<p class=\"more-link-p\"><a class=\"more-link\" href=\"http:\/\/kolajmagazine.com\/content\/content\/collage-books\/new-book-tissue-box-a-pandemic-response\/\">Read more &rarr;<\/a><\/p>\n","protected":false},"author":6,"featured_media":11782,"comment_status":"closed","ping_status":"closed","sticky":false,"template":"","format":"gallery","meta":{"jetpack_post_was_ever_published":false,"_jetpack_newsletter_access":"","footnotes":""},"categories":[10],"tags":[],"jetpack_featured_media_url":"http:\/\/kolajmagazine.com\/content\/wp-content\/uploads\/Tissue-Box-Cover.jpg","jetpack_shortlink":"https:\/\/wp.me\/p2QTD7-341","jetpack_sharing_enabled":true,"jetpack_likes_enabled":true,"jetpack-related-posts":[{"id":10085,"url":"http:\/\/kolajmagazine.com\/content\/content\/articles\/keeping-connected\/","url_meta":{"origin":11781,"position":0},"title":"Keeping Connected","author":"Christopher Byrne","date":"7 September 2020","format":"gallery","excerpt":"Kolaj #29, pages 14-15.Image right: Escalera al cielo by Jimena Casti\u00f1eyras, a member of Sociedad Argentina de Collage. paper and matchstick boxes; 2020. Courtesy of the artist. FROM KOLAJ 29 Collage Communities in the time of COVID The COVID-19 Pandemic has disrupted collage communities and their plans, forcing groups to\u2026","rel":"","context":"In &quot;Articles&quot;","block_context":{"text":"Articles","link":"http:\/\/kolajmagazine.com\/content\/category\/content\/articles\/"},"img":{"alt_text":"","src":"https:\/\/i0.wp.com\/kolajmagazine.com\/content\/wp-content\/uploads\/Kolaj-29-p14-15.jpg?resize=350%2C200","width":350,"height":200,"srcset":"https:\/\/i0.wp.com\/kolajmagazine.com\/content\/wp-content\/uploads\/Kolaj-29-p14-15.jpg?resize=350%2C200 1x, https:\/\/i0.wp.com\/kolajmagazine.com\/content\/wp-content\/uploads\/Kolaj-29-p14-15.jpg?resize=525%2C300 1.5x, https:\/\/i0.wp.com\/kolajmagazine.com\/content\/wp-content\/uploads\/Kolaj-29-p14-15.jpg?resize=700%2C400 2x"},"classes":[]},{"id":2585,"url":"http:\/\/kolajmagazine.com\/content\/issues\/issue-7\/","url_meta":{"origin":11781,"position":1},"title":"Issue 7: Collage &#038; Collaboration","author":"kasini","date":"16 January 2014","format":"gallery","excerpt":"Kolaj is a quarterly, printed magazine about contemporary collage. We are interested in how collage is made, how collage is exhibited, and how collage is collected. We bring together critical reviews and essays with artist profiles, event highlights, and articles on collage collecting, exhibiting, and making. Kolaj is published in\u2026","rel":"","context":"In &quot;Issues&quot;","block_context":{"text":"Issues","link":"http:\/\/kolajmagazine.com\/content\/category\/issues\/"},"img":{"alt_text":"","src":"https:\/\/i0.wp.com\/kolajmagazine.com\/content\/wp-content\/uploads\/K7-Cover.jpg?resize=350%2C200","width":350,"height":200},"classes":[]},{"id":11566,"url":"http:\/\/kolajmagazine.com\/content\/content\/articles\/call-response\/","url_meta":{"origin":11781,"position":2},"title":"Call &#038; Response","author":"Christopher Byrne","date":"1 September 2021","format":"gallery","excerpt":"Photo: Mom and Dad at the lake, ages 20 & 21 by Trish Crapocollage. Courtesy of the artist. FROM KOLAJ 33 The Exchange of Poetry and Collage between Trish Crapo & Missy-Marie Montgomery Long-time friends Trish Crapo and Missy-Marie Montgomery have used collage as a way to stay creatively connected\u2026","rel":"","context":"In &quot;Articles&quot;","block_context":{"text":"Articles","link":"http:\/\/kolajmagazine.com\/content\/category\/content\/articles\/"},"img":{"alt_text":"","src":"https:\/\/i0.wp.com\/kolajmagazine.com\/content\/wp-content\/uploads\/MomDadattheLake.jpg?resize=350%2C200","width":350,"height":200,"srcset":"https:\/\/i0.wp.com\/kolajmagazine.com\/content\/wp-content\/uploads\/MomDadattheLake.jpg?resize=350%2C200 1x, https:\/\/i0.wp.com\/kolajmagazine.com\/content\/wp-content\/uploads\/MomDadattheLake.jpg?resize=525%2C300 1.5x, https:\/\/i0.wp.com\/kolajmagazine.com\/content\/wp-content\/uploads\/MomDadattheLake.jpg?resize=700%2C400 2x"},"classes":[]},{"id":16658,"url":"http:\/\/kolajmagazine.com\/content\/kolaj-fest-new-orleans\/gain-of-function-new-mutations-old-traditions-at-kolaj-fest-new-orleans-2025\/","url_meta":{"origin":11781,"position":3},"title":"Gain of Function: New Mutations\/Old Traditions at Kolaj Fest New Orleans 2025","author":"Christopher Byrne","date":"14 May 2025","format":"gallery","excerpt":"New Mutations\/Old Traditions (detail) by Emily Denlingerdimensions variable; vintage and contemporary National Geographic and contemporary fashion magazines, plaster, tissue paper, coffee filters, plants, dye and pigment ink, double sided tape; 2024. Courtesy of the artist. PROJECT AT KOLAJ FEST NEW ORLEANS 2025 Gain of Function: New Mutations\/Old Traditions EVENT WEBSITE\u2026","rel":"","context":"In &quot;Kolaj Fest New Orleans&quot;","block_context":{"text":"Kolaj Fest New Orleans","link":"http:\/\/kolajmagazine.com\/content\/category\/kolaj-fest-new-orleans\/"},"img":{"alt_text":"","src":"https:\/\/i0.wp.com\/kolajmagazine.com\/content\/wp-content\/uploads\/Denlinger_2.jpg?resize=350%2C200","width":350,"height":200,"srcset":"https:\/\/i0.wp.com\/kolajmagazine.com\/content\/wp-content\/uploads\/Denlinger_2.jpg?resize=350%2C200 1x, https:\/\/i0.wp.com\/kolajmagazine.com\/content\/wp-content\/uploads\/Denlinger_2.jpg?resize=525%2C300 1.5x, https:\/\/i0.wp.com\/kolajmagazine.com\/content\/wp-content\/uploads\/Denlinger_2.jpg?resize=700%2C400 2x"},"classes":[]},{"id":13551,"url":"http:\/\/kolajmagazine.com\/content\/content\/collage-exhibitions\/collage-o-thon\/","url_meta":{"origin":11781,"position":4},"title":"Collage-o-Thon","author":"Christopher Byrne","date":"23 February 2023","format":"gallery","excerpt":"collage by Dr\u00e9a. Courtesy of the artist. COLLAGE EVENT & COLLAGE ON VIEW Collage-o-Thon at Atelier Galerie 2112 in Montreal, Quebec, CanadaEvent: Saturday, 25 February 2023, 7PM-2AM (free)Exhibition: 25 February-1 March 2023 As part of Montreal's Nuit blanche during the night of 25 February 2023, Atelier Galerie 2112 invites you\u2026","rel":"","context":"In &quot;Exhibitions&quot;","block_context":{"text":"Exhibitions","link":"http:\/\/kolajmagazine.com\/content\/category\/content\/collage-exhibitions\/"},"img":{"alt_text":"","src":"https:\/\/i0.wp.com\/kolajmagazine.com\/content\/wp-content\/uploads\/drea-story2.jpg?resize=350%2C200","width":350,"height":200,"srcset":"https:\/\/i0.wp.com\/kolajmagazine.com\/content\/wp-content\/uploads\/drea-story2.jpg?resize=350%2C200 1x, https:\/\/i0.wp.com\/kolajmagazine.com\/content\/wp-content\/uploads\/drea-story2.jpg?resize=525%2C300 1.5x, https:\/\/i0.wp.com\/kolajmagazine.com\/content\/wp-content\/uploads\/drea-story2.jpg?resize=700%2C400 2x"},"classes":[]},{"id":2383,"url":"http:\/\/kolajmagazine.com\/content\/content\/collage-exhibitions\/lisa-nilsson-zoubok\/","url_meta":{"origin":11781,"position":5},"title":"&#8220;Connective Tissue&#8221;: Lisa Nilsson at Pavel Zoubok Gallery","author":"Christopher Byrne","date":"27 October 2013","format":"gallery","excerpt":"10 October-9 November 2013 Lisa Nilsson\u2019s \"Connective Tissue\" transforms Pavel Zoubok's Cabinet gallery into a veritable wunderkammer with a series of intricately wrought paper constructions that depict cross-sections of the human anatomy, transforming the interior of the body into a strange new topography, rich in association and metaphor.","rel":"","context":"In &quot;Exhibitions&quot;","block_context":{"text":"Exhibitions","link":"http:\/\/kolajmagazine.com\/content\/category\/content\/collage-exhibitions\/"},"img":{"alt_text":"","src":"https:\/\/i0.wp.com\/kolajmagazine.com\/content\/wp-content\/uploads\/LN-Angelico-2012-web.jpg?resize=350%2C200","width":350,"height":200,"srcset":"https:\/\/i0.wp.com\/kolajmagazine.com\/content\/wp-content\/uploads\/LN-Angelico-2012-web.jpg?resize=350%2C200 1x, https:\/\/i0.wp.com\/kolajmagazine.com\/content\/wp-content\/uploads\/LN-Angelico-2012-web.jpg?resize=525%2C300 1.5x, https:\/\/i0.wp.com\/kolajmagazine.com\/content\/wp-content\/uploads\/LN-Angelico-2012-web.jpg?resize=700%2C400 2x"},"classes":[]}],"_links":{"self":[{"href":"http:\/\/kolajmagazine.com\/content\/wp-json\/wp\/v2\/posts\/11781"}],"collection":[{"href":"http:\/\/kolajmagazine.com\/content\/wp-json\/wp\/v2\/posts"}],"about":[{"href":"http:\/\/kolajmagazine.com\/content\/wp-json\/wp\/v2\/types\/post"}],"author":[{"embeddable":true,"href":"http:\/\/kolajmagazine.com\/content\/wp-json\/wp\/v2\/users\/6"}],"replies":[{"embeddable":true,"href":"http:\/\/kolajmagazine.com\/content\/wp-json\/wp\/v2\/comments?post=11781"}],"version-history":[{"count":0,"href":"http:\/\/kolajmagazine.com\/content\/wp-json\/wp\/v2\/posts\/11781\/revisions"}],"wp:featuredmedia":[{"embeddable":true,"href":"http:\/\/kolajmagazine.com\/content\/wp-json\/wp\/v2\/media\/11782"}],"wp:attachment":[{"href":"http:\/\/kolajmagazine.com\/content\/wp-json\/wp\/v2\/media?parent=11781"}],"wp:term":[{"taxonomy":"category","embeddable":true,"href":"http:\/\/kolajmagazine.com\/content\/wp-json\/wp\/v2\/categories?post=11781"},{"taxonomy":"post_tag","embeddable":true,"href":"http:\/\/kolajmagazine.com\/content\/wp-json\/wp\/v2\/tags?post=11781"}],"curies":[{"name":"wp","href":"https:\/\/api.w.org\/{rel}","templated":true}]}}