{"id":1664,"date":"2013-04-03T16:19:44","date_gmt":"2013-04-03T20:19:44","guid":{"rendered":"http:\/\/kolajmagazine.com\/content\/?p=1664"},"modified":"2013-04-06T12:53:18","modified_gmt":"2013-04-06T16:53:18","slug":"v-at-second-floor-montreal","status":"publish","type":"post","link":"http:\/\/kolajmagazine.com\/content\/content\/collage-exhibitions\/v-at-second-floor-montreal\/","title":{"rendered":"V at Second Floor, Montreal"},"content":{"rendered":"<p><img decoding=\"async\" loading=\"lazy\" class=\"alignnone size-full wp-image-1665\" alt=\"Berliner Chic by V (Vincent Khouni)\" src=\"http:\/\/kolajmagazine.com\/content\/wp-content\/uploads\/Berliner-chic-web.jpg\" width=\"450\" height=\"600\" srcset=\"http:\/\/kolajmagazine.com\/content\/wp-content\/uploads\/Berliner-chic-web.jpg 450w, http:\/\/kolajmagazine.com\/content\/wp-content\/uploads\/Berliner-chic-web-300x400.jpg 300w, http:\/\/kolajmagazine.com\/content\/wp-content\/uploads\/Berliner-chic-web-400x533.jpg 400w\" sizes=\"(max-width: 450px) 100vw, 450px\" \/><\/p>\n<p><strong>April 2013<\/strong><br \/>\nOpening Reception: Saturday, 6 April, 1oPM-3AM<\/p>\n<p>Collages: 2009-2013<\/p>\n<p>V makes collages and clothing in Montreal.<\/p>\n<p>He says, &#8220;I like to recreate a world with my simple taste. One philosophical question is behind my glue and my images,&#8217; If you could recreate a world in your image, what would it look like?&#8217; For me, every collage is a new idea, a new world, a universe.<\/p>\n<div>\n<p>I began making collages thanks to dada artists like Hannah Hoch and contemporary artists like Julian House. House is famous in the musical world for his album cover art. Music is a great inspiration for me. When I was younger, I discovered many bands thanks to their album covers. I like album cover styles like Bauhaus, The Cramps, Kraftwerk, or Joy Division.<\/p>\n<p>When I started, my work was about the flyers I took outside, my first material. Then, I made some work with my computer, but I really prefer contact with paper and glue. I use everything: magazines, ads, flyers, paintings, posters, etc&#8230;<\/p>\n<p>The whole world is inspiring for me&#8230;even a cat on a sofa.&#8221;<\/p>\n<\/div>\n<p>His show at Second Floor includes an interactive collage. If you attend the opening reception, bring some glue and participate. The finished collage will become part of the decor of the bar after the show is over.<\/p>\n<p>You can see more of his work at\u00a0<a href=\"http:\/\/allisconfusion.tumblr.com\/\" target=\"_blank\">allisconfusion.tumblr.com<\/a>.<\/p>\n<hr \/>\n<h3>INFORMATION<\/h3>\n<p><strong>Second Floor<\/strong><br \/>\n5169, avenue du Parc<br \/>\nMontreal, Quebec H2V 4G4<br \/>\nCanada<br \/>\n[<a href=\"mailto:second.floor.bar@hotmail.fr\" target=\"_blank\">click to email<\/a>]<\/p>\n<p>Hours:<br \/>\nThursday-Saturday, 10PM-3AM<\/p>\n<p><a href=\"https:\/\/maps.google.ca\/maps?q=5169+avenue+du+parc+montr%C3%A9al&amp;ie=UTF-8&amp;hq=&amp;hnear=0x4cc9197f8d4d80cb:0x7caeb6ab3d3e4e11,5169+Avenue+du+Parc,+Montr%C3%A9al,+QC+H2V+4G4&amp;gl=ca&amp;ei=WIRcUYvLJaXN0wGpsYDAAw&amp;ved=0CDIQ8gEwAA\" target=\"_blank\">MAP<\/a> | <a href=\"https:\/\/www.facebook.com\/second.floor.bar\" target=\"_blank\">FACEBOOK<\/a><\/p>\n<p><strong>Image:<\/strong><br \/>\n<em>Berliner Chic<\/em><br \/>\nby V<br \/>\nCourtesy of the artist<\/p>\n","protected":false},"excerpt":{"rendered":"<p>April 2013<\/p>\n<p>Each of V&#8217;s collages is a new idea, a new world, a universe. V&#8217;s influences include Dada artist Hannah Hoch and famous album cover artist Julian House. During the opening reception on 6 April, the public is invited to take part in an interactive collage which will be permanently installed in the venue. Bring your own glue!<\/p>\n<p class=\"more-link-p\"><a class=\"more-link\" href=\"http:\/\/kolajmagazine.com\/content\/content\/collage-exhibitions\/v-at-second-floor-montreal\/\">Read more &rarr;<\/a><\/p>\n","protected":false},"author":6,"featured_media":1665,"comment_status":"closed","ping_status":"closed","sticky":false,"template":"","format":"standard","meta":{"jetpack_post_was_ever_published":false,"_jetpack_newsletter_access":"","footnotes":""},"categories":[11],"tags":[],"jetpack_featured_media_url":"http:\/\/kolajmagazine.com\/content\/wp-content\/uploads\/Berliner-chic-web.jpg","jetpack_shortlink":"https:\/\/wp.me\/p2QTD7-qQ","jetpack_sharing_enabled":true,"jetpack_likes_enabled":true,"jetpack-related-posts":[{"id":8096,"url":"http:\/\/kolajmagazine.com\/content\/content\/collage-events\/slice\/","url_meta":{"origin":1664,"position":0},"title":"Slice","author":"Christopher Byrne","date":"15 April 2019","format":"gallery","excerpt":"COLLAGE EVENT Slice at 4301 rue Saint-Denis in Montreal, Quebec, Canada Sunday, 21 April 2019, 7-11PM \"Slice\", a collaboration between Flohmarkt Pop-Ups and the collage group CTRL + V, is a group exhibition presenting new work by 17 Montreal-area artists in a giant commercial boutique turned DIY art gallery. The\u2026","rel":"","context":"In &quot;Events&quot;","block_context":{"text":"Events","link":"http:\/\/kolajmagazine.com\/content\/category\/content\/collage-events\/"},"img":{"alt_text":"","src":"https:\/\/i0.wp.com\/kolajmagazine.com\/content\/wp-content\/uploads\/anouk-sugar-at-slice.jpg?resize=350%2C200","width":350,"height":200,"srcset":"https:\/\/i0.wp.com\/kolajmagazine.com\/content\/wp-content\/uploads\/anouk-sugar-at-slice.jpg?resize=350%2C200 1x, https:\/\/i0.wp.com\/kolajmagazine.com\/content\/wp-content\/uploads\/anouk-sugar-at-slice.jpg?resize=525%2C300 1.5x, https:\/\/i0.wp.com\/kolajmagazine.com\/content\/wp-content\/uploads\/anouk-sugar-at-slice.jpg?resize=700%2C400 2x"},"classes":[]},{"id":15053,"url":"http:\/\/kolajmagazine.com\/content\/content\/calls-for-artists\/call-to-artists-dance-in-collages-2025\/","url_meta":{"origin":1664,"position":1},"title":"Call to Artists: Dance in Collages 2025","author":"Christopher Byrne","date":"10 April 2025","format":"gallery","excerpt":"Dance a Little Longer by Martin Dosekcollage; 2025. Courtesy of the artist. CALL TO ARTISTS Dance in Collages 2025 Deadline: Tuesday, 15 April 2025 This exhibition of collages will be held during the 22nd International Festival Jazz Dance Open in Pardubice, Czech Republic. The art will be installed in the\u2026","rel":"","context":"In &quot;Calls for Artists&quot;","block_context":{"text":"Calls for Artists","link":"http:\/\/kolajmagazine.com\/content\/category\/content\/calls-for-artists\/"},"img":{"alt_text":"","src":"https:\/\/i0.wp.com\/kolajmagazine.com\/content\/wp-content\/uploads\/martin-dosek-dance-a-little-longer.jpg?resize=350%2C200","width":350,"height":200,"srcset":"https:\/\/i0.wp.com\/kolajmagazine.com\/content\/wp-content\/uploads\/martin-dosek-dance-a-little-longer.jpg?resize=350%2C200 1x, https:\/\/i0.wp.com\/kolajmagazine.com\/content\/wp-content\/uploads\/martin-dosek-dance-a-little-longer.jpg?resize=525%2C300 1.5x, https:\/\/i0.wp.com\/kolajmagazine.com\/content\/wp-content\/uploads\/martin-dosek-dance-a-little-longer.jpg?resize=700%2C400 2x"},"classes":[]},{"id":627,"url":"http:\/\/kolajmagazine.com\/content\/content\/articles\/disfigured-bodies-the-human-as-a-medium-in-the-collages-of-james-gallagher-and-sophie-jodoin\/","url_meta":{"origin":1664,"position":2},"title":"Disfigured Bodies: The Human as a Medium in the Collages of James Gallagher and Sophie Jodoin","author":"Christopher Byrne","date":"3 September 2012","format":false,"excerpt":"Toronto-based artist Jp King visited the studios of two artists: James Gallagher of Brooklyn, New York, USA and Sophie Jodoin of Montreal, Quebec, Canada. Amongst the immediately recognizable qualities of both artists, their exclusive color palettes speak of the worlds they inhabit.","rel":"","context":"In &quot;Articles&quot;","block_context":{"text":"Articles","link":"http:\/\/kolajmagazine.com\/content\/category\/content\/articles\/"},"img":{"alt_text":"","src":"https:\/\/i0.wp.com\/kolajmagazine.com\/content\/wp-content\/uploads\/hug.jpg?resize=350%2C200","width":350,"height":200},"classes":[]},{"id":9368,"url":"http:\/\/kolajmagazine.com\/content\/content\/calls-for-artists\/call-to-artists-dance-in-collages\/","url_meta":{"origin":1664,"position":3},"title":"Call to Artists: Dance in Collages 2023","author":"Christopher Byrne","date":"22 March 2023","format":"gallery","excerpt":"Inebriety by Martin Do\u0161ek 11\"x7\"; paper and glue (analog collage);\u00a02022. Courtesy of the artist. CALL TO ARTISTS Dance in Collages 2023 Deadline: Saturday, 15 April 2023 This exhibition of collages will be held during the 20th International Festival Jazz Dance Open in Pardubice, Czech Republic. The art will be installed\u2026","rel":"","context":"In &quot;Calls for Artists&quot;","block_context":{"text":"Calls for Artists","link":"http:\/\/kolajmagazine.com\/content\/category\/content\/calls-for-artists\/"},"img":{"alt_text":"","src":"https:\/\/i0.wp.com\/kolajmagazine.com\/content\/wp-content\/uploads\/martin-dosek-inebriety.jpg?resize=350%2C200","width":350,"height":200,"srcset":"https:\/\/i0.wp.com\/kolajmagazine.com\/content\/wp-content\/uploads\/martin-dosek-inebriety.jpg?resize=350%2C200 1x, https:\/\/i0.wp.com\/kolajmagazine.com\/content\/wp-content\/uploads\/martin-dosek-inebriety.jpg?resize=525%2C300 1.5x, https:\/\/i0.wp.com\/kolajmagazine.com\/content\/wp-content\/uploads\/martin-dosek-inebriety.jpg?resize=700%2C400 2x"},"classes":[]},{"id":8711,"url":"http:\/\/kolajmagazine.com\/content\/content\/collage-exhibitions\/retailles\/","url_meta":{"origin":1664,"position":4},"title":"Retailles","author":"Christopher Byrne","date":"17 September 2019","format":"gallery","excerpt":"COLLAGE ON VIEW Retailles: Khouni Island & Nicolas Brassardat Gallery Parfois in Montreal, Quebec, Canada20-22 September 2019 \"Retailles\" (which can be translated as scraps, clippings or cuttings) is a collection of new work by Montreal collage artists Khouni Island and Nicolas Brassard. Opening reception: Friday, 20 September, 6-10PM with live\u2026","rel":"","context":"In &quot;Exhibitions&quot;","block_context":{"text":"Exhibitions","link":"http:\/\/kolajmagazine.com\/content\/category\/content\/collage-exhibitions\/"},"img":{"alt_text":"","src":"https:\/\/i0.wp.com\/kolajmagazine.com\/content\/wp-content\/uploads\/vincent-khoni-at-galerie-parfois.jpg?resize=350%2C200","width":350,"height":200,"srcset":"https:\/\/i0.wp.com\/kolajmagazine.com\/content\/wp-content\/uploads\/vincent-khoni-at-galerie-parfois.jpg?resize=350%2C200 1x, https:\/\/i0.wp.com\/kolajmagazine.com\/content\/wp-content\/uploads\/vincent-khoni-at-galerie-parfois.jpg?resize=525%2C300 1.5x, https:\/\/i0.wp.com\/kolajmagazine.com\/content\/wp-content\/uploads\/vincent-khoni-at-galerie-parfois.jpg?resize=700%2C400 2x"},"classes":[]},{"id":2911,"url":"http:\/\/kolajmagazine.com\/content\/content\/articles\/collages-gesture-fragments\/","url_meta":{"origin":1664,"position":5},"title":"Collages: Gesture &#038; Fragments","author":"Christopher Byrne","date":"7 May 2014","format":"gallery","excerpt":"\"Collages: Gesture & Fragments\" (installation view)Mus\u00e9e d'art contemporain de Montr\u00e9al. Photo: Richard-Max Tremblay COLLAGE ON VIEW Collages: Gesture & Fragments at Mus\u00e9e d\u2019Art Contemporain de Montr\u00e9al in Montreal, Quebec, Canada6 February-27 April 2014 Exhibition review & Curator interviewby Ric Kasini Kadour The exhibition \u201cCollages: Gesture & Fragments\u201d at the Mus\u00e9e\u2026","rel":"","context":"In &quot;Articles&quot;","block_context":{"text":"Articles","link":"http:\/\/kolajmagazine.com\/content\/category\/content\/articles\/"},"img":{"alt_text":"","src":"https:\/\/i0.wp.com\/kolajmagazine.com\/content\/wp-content\/uploads\/Collages-Gesture-and-Fragments-installation-view-photo-Richard-Max-Tremblay.jpg?resize=350%2C200","width":350,"height":200,"srcset":"https:\/\/i0.wp.com\/kolajmagazine.com\/content\/wp-content\/uploads\/Collages-Gesture-and-Fragments-installation-view-photo-Richard-Max-Tremblay.jpg?resize=350%2C200 1x, https:\/\/i0.wp.com\/kolajmagazine.com\/content\/wp-content\/uploads\/Collages-Gesture-and-Fragments-installation-view-photo-Richard-Max-Tremblay.jpg?resize=525%2C300 1.5x, https:\/\/i0.wp.com\/kolajmagazine.com\/content\/wp-content\/uploads\/Collages-Gesture-and-Fragments-installation-view-photo-Richard-Max-Tremblay.jpg?resize=700%2C400 2x"},"classes":[]}],"_links":{"self":[{"href":"http:\/\/kolajmagazine.com\/content\/wp-json\/wp\/v2\/posts\/1664"}],"collection":[{"href":"http:\/\/kolajmagazine.com\/content\/wp-json\/wp\/v2\/posts"}],"about":[{"href":"http:\/\/kolajmagazine.com\/content\/wp-json\/wp\/v2\/types\/post"}],"author":[{"embeddable":true,"href":"http:\/\/kolajmagazine.com\/content\/wp-json\/wp\/v2\/users\/6"}],"replies":[{"embeddable":true,"href":"http:\/\/kolajmagazine.com\/content\/wp-json\/wp\/v2\/comments?post=1664"}],"version-history":[{"count":0,"href":"http:\/\/kolajmagazine.com\/content\/wp-json\/wp\/v2\/posts\/1664\/revisions"}],"wp:featuredmedia":[{"embeddable":true,"href":"http:\/\/kolajmagazine.com\/content\/wp-json\/wp\/v2\/media\/1665"}],"wp:attachment":[{"href":"http:\/\/kolajmagazine.com\/content\/wp-json\/wp\/v2\/media?parent=1664"}],"wp:term":[{"taxonomy":"category","embeddable":true,"href":"http:\/\/kolajmagazine.com\/content\/wp-json\/wp\/v2\/categories?post=1664"},{"taxonomy":"post_tag","embeddable":true,"href":"http:\/\/kolajmagazine.com\/content\/wp-json\/wp\/v2\/tags?post=1664"}],"curies":[{"name":"wp","href":"https:\/\/api.w.org\/{rel}","templated":true}]}}