{"id":1809,"date":"2013-05-13T01:51:21","date_gmt":"2013-05-13T05:51:21","guid":{"rendered":"http:\/\/kolajmagazine.com\/content\/?p=1809"},"modified":"2014-06-08T16:25:29","modified_gmt":"2014-06-08T20:25:29","slug":"collage-ny-art-fairs-bright","status":"publish","type":"post","link":"http:\/\/kolajmagazine.com\/content\/content\/articles\/collage-ny-art-fairs-bright\/","title":{"rendered":"Collage at the 2013 New York Art Fairs"},"content":{"rendered":"<p><img decoding=\"async\" loading=\"lazy\" class=\"alignnone size-full wp-image-1810\" alt=\"Euro Punk by Pablo Echaurren\" src=\"http:\/\/kolajmagazine.com\/content\/wp-content\/uploads\/1_Echaurren-web.jpg\" width=\"700\" height=\"479\" srcset=\"http:\/\/kolajmagazine.com\/content\/wp-content\/uploads\/1_Echaurren-web.jpg 700w, http:\/\/kolajmagazine.com\/content\/wp-content\/uploads\/1_Echaurren-web-300x205.jpg 300w, http:\/\/kolajmagazine.com\/content\/wp-content\/uploads\/1_Echaurren-web-400x273.jpg 400w, http:\/\/kolajmagazine.com\/content\/wp-content\/uploads\/1_Echaurren-web-600x410.jpg 600w\" sizes=\"(max-width: 700px) 100vw, 700px\" \/><\/p>\n<p><em>Kolaj<\/em> contributor Paul Bright visited the famous Armory Show and VOLTA NY, both of which ran 7-10 March 2013, to see the collage on offer.<\/p>\n<p>In <a href=\"http:\/\/kolajmagazine.com\/content\/issues\/issue-4\" target=\"_blank\">Issue Four<\/a>, Bright gives his impressions on the wide range of collage and assemblage presented from artists and galleries both in New York and from as far afield as Vienna and Lima, Peru.<\/p>\n<h2 style=\"padding-left: 30px;\">Setting aside all the other approaches to art-making that utilize collage conceptually or borrow from it formally (some painting, lots of digital and video work, installation, and so forth), I am confining myself mostly to what I thought were the more noteworthy \u201cmaterial\u201d examples of collage, where disparate materials were adhered in physical layers to another material or to a ground.<\/h2>\n<p>To read the full review and see images from the fairs, purchase <a href=\"http:\/\/shop.kasinihouseartshop.com\/artist\/kolaj\" target=\"_blank\">Issue Four<\/a> or <a href=\"http:\/\/kolajmagazine.com\/content\/subscribe\" target=\"_blank\">SUBSCRIBE<\/a> to never miss an issue.<\/p>\n<p><strong>Image:<\/strong><br \/>\n<em>Euro Punk<\/em><br \/>\nby Pablo Echaurren<br \/>\n15&#8243;x22&#8243;<br \/>\ncollage<br \/>\n\u00a9 Courtesy Galleria d&#8217;Arte Maggiore G.A.M., Bologna, Italy<br \/>\nShown at The Armory Show, 2013<\/p>\n","protected":false},"excerpt":{"rendered":"<p>Kolaj contributor Paul Bright visited the famous Armory Show and VOLTA NY, both of which ran 7-10 March 2013, to see the collage on offer. In Issue Four, Bright gives his impressions on the wide range of collage and assemblage&hellip;<\/p>\n<p class=\"more-link-p\"><a class=\"more-link\" href=\"http:\/\/kolajmagazine.com\/content\/content\/articles\/collage-ny-art-fairs-bright\/\">Read more &rarr;<\/a><\/p>\n","protected":false},"author":6,"featured_media":1810,"comment_status":"closed","ping_status":"closed","sticky":false,"template":"","format":"gallery","meta":{"jetpack_post_was_ever_published":false,"_jetpack_newsletter_access":"","footnotes":""},"categories":[6,26],"tags":[],"jetpack_featured_media_url":"http:\/\/kolajmagazine.com\/content\/wp-content\/uploads\/1_Echaurren-web.jpg","jetpack_shortlink":"https:\/\/wp.me\/p2QTD7-tb","jetpack_sharing_enabled":true,"jetpack_likes_enabled":true,"jetpack-related-posts":[{"id":1264,"url":"http:\/\/kolajmagazine.com\/content\/issues\/issue-three-fragments-ideas\/","url_meta":{"origin":1809,"position":0},"title":"Issue Three: Fragments &amp; Ideas","author":"kasini","date":"15 January 2013","format":false,"excerpt":"Contents Kolaj editor Benoit Depelteau talks about fragments and ideas in collage Billy Mavreas explores the textures & plans of resonance of collage artist Jacob Whibley. Benoit Depelteau talks with Uncanny Artist owner Laura Stanziola. Cory W. Peeke sits down with California artist David King. Ric Kasini Kadour visits the\u2026","rel":"","context":"In &quot;Issues&quot;","block_context":{"text":"Issues","link":"http:\/\/kolajmagazine.com\/content\/category\/issues\/"},"img":{"alt_text":"","src":"https:\/\/i0.wp.com\/kolajmagazine.com\/content\/wp-content\/uploads\/K3-Cover-Final.jpg?resize=350%2C200","width":350,"height":200},"classes":[]},{"id":1866,"url":"http:\/\/kolajmagazine.com\/content\/issues\/kolaj-magazine-year-one-collectors-pack\/","url_meta":{"origin":1809,"position":1},"title":"Kolaj Magazine Year One Collector&#8217;s Pack","author":"kasini","date":"23 May 2013","format":false,"excerpt":"In its first year, Kolaj explored collage\u2019s role in the world of contemporary art; asked the question \u201cIs this collage?\u201d; informed readers about collage exhibitions and events; and, most importantly, shined a spotlight on the work of collage artists from around the world. FOUR ISSUES Details: 10\u2033x8\u2033 | saddle stitched\u2026","rel":"","context":"In &quot;Issues&quot;","block_context":{"text":"Issues","link":"http:\/\/kolajmagazine.com\/content\/category\/issues\/"},"img":{"alt_text":"","src":"https:\/\/i0.wp.com\/kolajmagazine.com\/content\/wp-content\/uploads\/Collector-Pack-Year-One.jpg?resize=350%2C200","width":350,"height":200,"srcset":"https:\/\/i0.wp.com\/kolajmagazine.com\/content\/wp-content\/uploads\/Collector-Pack-Year-One.jpg?resize=350%2C200 1x, https:\/\/i0.wp.com\/kolajmagazine.com\/content\/wp-content\/uploads\/Collector-Pack-Year-One.jpg?resize=525%2C300 1.5x"},"classes":[]},{"id":12948,"url":"http:\/\/kolajmagazine.com\/content\/content\/collage-exhibitions\/complicit-with-chance\/","url_meta":{"origin":1809,"position":2},"title":"Complicit with Chance","author":"Christopher Byrne","date":"28 July 2022","format":"gallery","excerpt":"Neglected but Still Full of Potential (N\u00e9glig\u00e9 mais plein de potentiel) by Pierre-Paul Pariseau COLLAGE ON VIEW Pierre-Paul Pariseau: Complicit\u00e9 avec le hasard at the Maison de la Culture Ahuntsic-Cartierville in Montreal, Quebec, Canada5 July-18 September 2022 Evoking Surrealism and Pop Art, Pierre-Paul Pariseau's creative work invites us into a\u2026","rel":"","context":"In &quot;Exhibitions&quot;","block_context":{"text":"Exhibitions","link":"http:\/\/kolajmagazine.com\/content\/category\/content\/collage-exhibitions\/"},"img":{"alt_text":"","src":"https:\/\/i0.wp.com\/kolajmagazine.com\/content\/wp-content\/uploads\/pierre-paul-pariseau-neglected-but-still-full-of-potential.jpg?resize=350%2C200","width":350,"height":200,"srcset":"https:\/\/i0.wp.com\/kolajmagazine.com\/content\/wp-content\/uploads\/pierre-paul-pariseau-neglected-but-still-full-of-potential.jpg?resize=350%2C200 1x, https:\/\/i0.wp.com\/kolajmagazine.com\/content\/wp-content\/uploads\/pierre-paul-pariseau-neglected-but-still-full-of-potential.jpg?resize=525%2C300 1.5x, https:\/\/i0.wp.com\/kolajmagazine.com\/content\/wp-content\/uploads\/pierre-paul-pariseau-neglected-but-still-full-of-potential.jpg?resize=700%2C400 2x"},"classes":[]},{"id":3689,"url":"http:\/\/kolajmagazine.com\/content\/content\/collage-exhibitions\/vices-peculiar-st-johns-university\/","url_meta":{"origin":1809,"position":3},"title":"Vices Peculiar to These Eclectics at St. John&#8217;s University","author":"Christopher Byrne","date":"16 April 2015","format":"gallery","excerpt":"1 April-5 May 2015 Plastic bags and coloured pencils, seashells and grouse wings, vintage encyclopedias and rare books, doilies and dollar bills are some of the materials found in the collages and assemblages of fifteen contemporary artists in \u201cVices Peculiar to These Eclectics: Contemporary Collage\" at the Dr. M. T.\u2026","rel":"","context":"In &quot;Exhibitions&quot;","block_context":{"text":"Exhibitions","link":"http:\/\/kolajmagazine.com\/content\/category\/content\/collage-exhibitions\/"},"img":{"alt_text":"","src":"https:\/\/i0.wp.com\/kolajmagazine.com\/content\/wp-content\/uploads\/paul-loughney-architecture-as-a-state-of-a-mental-reflection-web.jpg?resize=350%2C200","width":350,"height":200,"srcset":"https:\/\/i0.wp.com\/kolajmagazine.com\/content\/wp-content\/uploads\/paul-loughney-architecture-as-a-state-of-a-mental-reflection-web.jpg?resize=350%2C200 1x, https:\/\/i0.wp.com\/kolajmagazine.com\/content\/wp-content\/uploads\/paul-loughney-architecture-as-a-state-of-a-mental-reflection-web.jpg?resize=525%2C300 1.5x"},"classes":[]},{"id":1347,"url":"http:\/\/kolajmagazine.com\/content\/content\/collage-exhibitions\/exhibition-review-romare-bearden-a-black-odyssey\/","url_meta":{"origin":1809,"position":4},"title":"Exhibition Review: Romare Bearden &#8220;A Black Odyssey&#8221;","author":"Christopher Byrne","date":"13 February 2013","format":"gallery","excerpt":"by Paul Bright \"Romare Bearden: A Black Odyssey\"\u00a0at Reynolda House Museum of Art\u00a0in Winston-Salem, North Carolina This currently travelling exhibition is centered on fifteen of the twenty collages that American artist Romare Bearden (1911-1988) created and showed as a group in 1977, in response to Homer\u2019s Odyssey. They are joined\u2026","rel":"","context":"In &quot;Exhibitions&quot;","block_context":{"text":"Exhibitions","link":"http:\/\/kolajmagazine.com\/content\/category\/content\/collage-exhibitions\/"},"img":{"alt_text":"","src":"https:\/\/i0.wp.com\/kolajmagazine.com\/content\/wp-content\/uploads\/Cattle-of-Sun-GodWEB.jpg?resize=350%2C200","width":350,"height":200,"srcset":"https:\/\/i0.wp.com\/kolajmagazine.com\/content\/wp-content\/uploads\/Cattle-of-Sun-GodWEB.jpg?resize=350%2C200 1x, https:\/\/i0.wp.com\/kolajmagazine.com\/content\/wp-content\/uploads\/Cattle-of-Sun-GodWEB.jpg?resize=525%2C300 1.5x"},"classes":[]},{"id":1708,"url":"http:\/\/kolajmagazine.com\/content\/issues\/issue-4\/","url_meta":{"origin":1809,"position":5},"title":"Issue 4: Evolving Collage","author":"kasini","date":"16 April 2013","format":false,"excerpt":"Contents Kolaj editor Benoit Depelteau reflects on the magazine's first year. Veeranganakumari Solanki profiles the magical realism of Manjunath Kamath. Cory Peeke tells us all about collage on Tumblr. Shane De Lange profiles a South African artist. Paul Bright reports on collage at Volta NY and The Armory Show. Nikki\u2026","rel":"","context":"In &quot;Issues&quot;","block_context":{"text":"Issues","link":"http:\/\/kolajmagazine.com\/content\/category\/issues\/"},"img":{"alt_text":"","src":"https:\/\/i0.wp.com\/kolajmagazine.com\/content\/wp-content\/uploads\/K4-Cover-web.jpg?resize=350%2C200","width":350,"height":200},"classes":[]}],"_links":{"self":[{"href":"http:\/\/kolajmagazine.com\/content\/wp-json\/wp\/v2\/posts\/1809"}],"collection":[{"href":"http:\/\/kolajmagazine.com\/content\/wp-json\/wp\/v2\/posts"}],"about":[{"href":"http:\/\/kolajmagazine.com\/content\/wp-json\/wp\/v2\/types\/post"}],"author":[{"embeddable":true,"href":"http:\/\/kolajmagazine.com\/content\/wp-json\/wp\/v2\/users\/6"}],"replies":[{"embeddable":true,"href":"http:\/\/kolajmagazine.com\/content\/wp-json\/wp\/v2\/comments?post=1809"}],"version-history":[{"count":0,"href":"http:\/\/kolajmagazine.com\/content\/wp-json\/wp\/v2\/posts\/1809\/revisions"}],"wp:featuredmedia":[{"embeddable":true,"href":"http:\/\/kolajmagazine.com\/content\/wp-json\/wp\/v2\/media\/1810"}],"wp:attachment":[{"href":"http:\/\/kolajmagazine.com\/content\/wp-json\/wp\/v2\/media?parent=1809"}],"wp:term":[{"taxonomy":"category","embeddable":true,"href":"http:\/\/kolajmagazine.com\/content\/wp-json\/wp\/v2\/categories?post=1809"},{"taxonomy":"post_tag","embeddable":true,"href":"http:\/\/kolajmagazine.com\/content\/wp-json\/wp\/v2\/tags?post=1809"}],"curies":[{"name":"wp","href":"https:\/\/api.w.org\/{rel}","templated":true}]}}