{"id":2768,"date":"2014-03-24T01:27:48","date_gmt":"2014-03-24T05:27:48","guid":{"rendered":"http:\/\/kolajmagazine.com\/content\/?p=2768"},"modified":"2014-03-30T13:08:05","modified_gmt":"2014-03-30T17:08:05","slug":"fabrice-jac-zebre-lyon","status":"publish","type":"post","link":"http:\/\/kolajmagazine.com\/content\/content\/articles\/fabrice-jac-zebre-lyon\/","title":{"rendered":"Fabrice Jac as part of &#8220;Papiers Mix\u00e9s&#8221;, Lyon"},"content":{"rendered":"<p><img decoding=\"async\" loading=\"lazy\" class=\"alignnone size-full wp-image-2812\" alt=\"Fabrice Jac &quot;Diversions&quot; series\" src=\"http:\/\/kolajmagazine.com\/content\/wp-content\/uploads\/DETAIL-014bis-web.jpg\" width=\"492\" height=\"700\" srcset=\"http:\/\/kolajmagazine.com\/content\/wp-content\/uploads\/DETAIL-014bis-web.jpg 492w, http:\/\/kolajmagazine.com\/content\/wp-content\/uploads\/DETAIL-014bis-web-300x426.jpg 300w, http:\/\/kolajmagazine.com\/content\/wp-content\/uploads\/DETAIL-014bis-web-400x569.jpg 400w, http:\/\/kolajmagazine.com\/content\/wp-content\/uploads\/DETAIL-014bis-web-260x369.jpg 260w, http:\/\/kolajmagazine.com\/content\/wp-content\/uploads\/DETAIL-014bis-web-160x227.jpg 160w\" sizes=\"(max-width: 492px) 100vw, 492px\" \/><\/p>\n<p>29 March-26 April 2014<br \/>\nOpening reception: Saturday, March 29, 6-10PM<\/p>\n<p>&#8220;Papiers Mix\u00e9s&#8221; (collage techniques) at La Coop\u00e9rative du Z\u00e8bre, Lyon, France<\/p>\n<p>Fabrice Jac&#8217;s presentation is a &#8220;reappropriation&#8221;. He took 30 8&#8243;x6&#8243; postcards from exhibitions of contemporary artists and created 21 collages.<\/p>\n<p>Fabrice Jac says about himself and the work: &#8220;After a quick visit to the Ecole des Beaux Arts de Lyon in the late 1980s, I launched headlong into the world of music (programmer, art director, manager &#8230;), only to return 15 years later still occupied by painting, shutting myself in my studio for seven years.<\/p>\n<p>Since June 2012, I have presented my work in various exhibition spaces using\u00a0the techniques of collage: reappropriation, recycling, crossing, mixing. I also use: paint, ink, Posca, pencil crayons, drawing on various media: canvas, wood, metal, cardboard \u00a0and finishing with Golden varnish (matte).<\/p>\n<p>My accomplishments are the result of telescoping internal disorder and a graphic and methodological rigor. It is Dadaistic work lying between Expressionism and Suprematism.<\/p>\n<p>&#8220;I don&#8217;t represent, I use representations to represent! &#8221;<\/p>\n<p>The exhibition also presents collage work by\u00a0Clara Cuzin, Flore Kunst, Krine, and \u00c9ssaim\u00e9.<\/p>\n<p>(adapted from the artist&#8217;s press materials)<\/p>\n<hr \/>\n<h3>INFORMATION<\/h3>\n<p><strong>La Coop\u00e9rative du Z\u00e8bre<\/strong><br \/>\n22 rue Jean-Baptiste-Say<br \/>\n69001 Lyon, France<br \/>\n(04) 26 63 86 17 and (06) 20 89 44 14<\/p>\n<p>Hours: Thursday and Friday, starting at 6PM<\/p>\n<p><a href=\"https:\/\/www.google.ca\/maps\/place\/22+Rue+Jean-Baptiste+Say\/@45.773073,4.831378,17z\/data=!3m1!4b1!4m2!3m1!1s0x47f4eafd5729765d:0xcb2e5c9893b9f11\" target=\"_blank\">MAP<\/a>\u00a0| <a href=\"http:\/\/www.lezebre.info\/-z-coop-.html#.Uy99CvldWSo\" target=\"_blank\">WEBSITE<\/a> |\u00a0<a href=\"https:\/\/www.facebook.com\/pages\/La-coop%C3%A9rative-du-Z%C3%A8bre\/360383333978622\" target=\"_blank\">FACEBOOK<\/a><\/p>\n<p><strong>Image:<\/strong><br \/>\nDetail of postcard from the &#8220;Diversions&#8221; series<br \/>\nby Fabrice Jac<br \/>\n8&#8243;x6&#8243;<br \/>\ncollage on exhibition postcard<br \/>\n2014<br \/>\nImage courtesy of the artist<\/p>\n","protected":false},"excerpt":{"rendered":"<p>29 March-26 April 2014 Opening reception: Saturday, March 29, 6-10PM &#8220;Papiers Mix\u00e9s&#8221; (collage techniques) at La Coop\u00e9rative du Z\u00e8bre, Lyon, France Fabrice Jac&#8217;s presentation is a &#8220;reappropriation&#8221;. He took 30 8&#8243;x6&#8243; postcards from exhibitions of contemporary artists and created 21&hellip;<\/p>\n<p class=\"more-link-p\"><a class=\"more-link\" href=\"http:\/\/kolajmagazine.com\/content\/content\/articles\/fabrice-jac-zebre-lyon\/\">Read more &rarr;<\/a><\/p>\n","protected":false},"author":6,"featured_media":2812,"comment_status":"closed","ping_status":"closed","sticky":false,"template":"","format":"gallery","meta":{"jetpack_post_was_ever_published":false,"_jetpack_newsletter_access":"","footnotes":""},"categories":[6],"tags":[],"jetpack_featured_media_url":"http:\/\/kolajmagazine.com\/content\/wp-content\/uploads\/DETAIL-014bis-web.jpg","jetpack_shortlink":"https:\/\/wp.me\/p2QTD7-IE","jetpack_sharing_enabled":true,"jetpack_likes_enabled":true,"jetpack-related-posts":[{"id":8969,"url":"http:\/\/kolajmagazine.com\/content\/content\/articles\/hopes-and-dreams\/","url_meta":{"origin":2768,"position":0},"title":"Hopes and Dreams","author":"Christopher Byrne","date":"27 November 2019","format":"gallery","excerpt":"Orient Vibes by Katarina Pusica17.7\"x11.8\"; cardboard, paper, magazine images; 2017Courtesy of the artist. FROM KOLAJ 27 Artist Portfolio: Katarina Pusica, Fr\u00f6ndenberg, Germany In the 1987 romantic comedy, Mannequin, Kim Cattrall plays an ancient Egyptian muse trapped in the body of a department store mannequin in modern day Philadelphia. We thought\u2026","rel":"","context":"In &quot;Articles&quot;","block_context":{"text":"Articles","link":"http:\/\/kolajmagazine.com\/content\/category\/content\/articles\/"},"img":{"alt_text":"","src":"https:\/\/i0.wp.com\/kolajmagazine.com\/content\/wp-content\/uploads\/katarina-pusica-orient-vibes.jpg?resize=350%2C200","width":350,"height":200,"srcset":"https:\/\/i0.wp.com\/kolajmagazine.com\/content\/wp-content\/uploads\/katarina-pusica-orient-vibes.jpg?resize=350%2C200 1x, https:\/\/i0.wp.com\/kolajmagazine.com\/content\/wp-content\/uploads\/katarina-pusica-orient-vibes.jpg?resize=525%2C300 1.5x, https:\/\/i0.wp.com\/kolajmagazine.com\/content\/wp-content\/uploads\/katarina-pusica-orient-vibes.jpg?resize=700%2C400 2x"},"classes":[]},{"id":4980,"url":"http:\/\/kolajmagazine.com\/content\/content\/collage-exhibitions\/artefact-at-galerie-atelier-bletterie\/","url_meta":{"origin":2768,"position":1},"title":"Artefact at Galerie &#8220;Atelier Bletterie&#8221;","author":"Christopher Byrne","date":"29 June 2016","format":"gallery","excerpt":"\"Artefact\": Flore Kunst 24 June-9 July 2016 Prolific French collagiste Flore Kunst presents new original collages and photomontage in \"Artefact\" at Galerie \"Atelier Bletterie\" in La Rochelle. Flore Kunst lives and works in Lyon, France.\u00a0A 1999 graduate of the Ecole Emile Cohl, she has worked in various areas related to\u2026","rel":"","context":"In &quot;Exhibitions&quot;","block_context":{"text":"Exhibitions","link":"http:\/\/kolajmagazine.com\/content\/category\/content\/collage-exhibitions\/"},"img":{"alt_text":"","src":"https:\/\/i0.wp.com\/kolajmagazine.com\/content\/wp-content\/uploads\/flore-kunst-artefact.jpg?resize=350%2C200","width":350,"height":200,"srcset":"https:\/\/i0.wp.com\/kolajmagazine.com\/content\/wp-content\/uploads\/flore-kunst-artefact.jpg?resize=350%2C200 1x, https:\/\/i0.wp.com\/kolajmagazine.com\/content\/wp-content\/uploads\/flore-kunst-artefact.jpg?resize=525%2C300 1.5x, https:\/\/i0.wp.com\/kolajmagazine.com\/content\/wp-content\/uploads\/flore-kunst-artefact.jpg?resize=700%2C400 2x"},"classes":[]},{"id":1372,"url":"http:\/\/kolajmagazine.com\/content\/cut-out-page\/issue-two-cut-out-page-winner\/","url_meta":{"origin":2768,"position":2},"title":"Issue Two Cut Out Page Winner","author":"Christopher Byrne","date":"14 February 2013","format":false,"excerpt":"In each issue of Kolaj Magazine, we publish a Cut Out Page where we present imagery from various sources, carefully selected by our team of contributors or occasional guests. We then encourage you, dear reader, to cut out some of these images to create your own collage and send it\u2026","rel":"","context":"In &quot;Cut Out Page&quot;","block_context":{"text":"Cut Out Page","link":"http:\/\/kolajmagazine.com\/content\/category\/cut-out-page\/"},"img":{"alt_text":"","src":"https:\/\/i0.wp.com\/kolajmagazine.com\/content\/wp-content\/uploads\/Sophie-Flore-Kunst-web.jpg?resize=350%2C200","width":350,"height":200},"classes":[]},{"id":14685,"url":"http:\/\/kolajmagazine.com\/content\/content\/collage-exhibitions\/my-house-too\/","url_meta":{"origin":2768,"position":3},"title":"My house too","author":"Christopher Byrne","date":"20 December 2023","format":"gallery","excerpt":"Choice by Hannah Lamont15\"x11\"; vintage collage, watercolour, prints from the Mackenzie House press; 2023. Courtesy of the artist. COLLAGE ON VIEW My house too at the Mackenzie House in Toronto, Ontario, Canada16 December 2023-7 January 2024 The show, \"My house too\", is the product of a five-week exploration of analogue\u2026","rel":"","context":"In &quot;Exhibitions&quot;","block_context":{"text":"Exhibitions","link":"http:\/\/kolajmagazine.com\/content\/category\/content\/collage-exhibitions\/"},"img":{"alt_text":"","src":"https:\/\/i0.wp.com\/kolajmagazine.com\/content\/wp-content\/uploads\/hannah-lamont-choice.jpg?resize=350%2C200","width":350,"height":200,"srcset":"https:\/\/i0.wp.com\/kolajmagazine.com\/content\/wp-content\/uploads\/hannah-lamont-choice.jpg?resize=350%2C200 1x, https:\/\/i0.wp.com\/kolajmagazine.com\/content\/wp-content\/uploads\/hannah-lamont-choice.jpg?resize=525%2C300 1.5x, https:\/\/i0.wp.com\/kolajmagazine.com\/content\/wp-content\/uploads\/hannah-lamont-choice.jpg?resize=700%2C400 2x"},"classes":[]},{"id":4599,"url":"http:\/\/kolajmagazine.com\/content\/content\/collage-exhibitions\/collage-moving-beyond-paper-at-krannert-art-museum\/","url_meta":{"origin":2768,"position":4},"title":"Collage: Moving Beyond Paper at Krannert Art Museum","author":"Christopher Byrne","date":"5 February 2016","format":"gallery","excerpt":"\"Collage: Moving Beyond Paper\" 29 January-26 March 2016 At its origins in the early 20th century, collage offered a new perspective on what constituted art; the union of scraps or patches with a\u00a0painted surface proposed a methodical reexamination of the relation between painting and sculpture. Whereas\u00a0early Cubist works may have\u2026","rel":"","context":"In &quot;Exhibitions&quot;","block_context":{"text":"Exhibitions","link":"http:\/\/kolajmagazine.com\/content\/category\/content\/collage-exhibitions\/"},"img":{"alt_text":"","src":"https:\/\/i0.wp.com\/kolajmagazine.com\/content\/wp-content\/uploads\/allen-t-stringfellow-street-smarts-ii.jpg?resize=350%2C200","width":350,"height":200,"srcset":"https:\/\/i0.wp.com\/kolajmagazine.com\/content\/wp-content\/uploads\/allen-t-stringfellow-street-smarts-ii.jpg?resize=350%2C200 1x, https:\/\/i0.wp.com\/kolajmagazine.com\/content\/wp-content\/uploads\/allen-t-stringfellow-street-smarts-ii.jpg?resize=525%2C300 1.5x, https:\/\/i0.wp.com\/kolajmagazine.com\/content\/wp-content\/uploads\/allen-t-stringfellow-street-smarts-ii.jpg?resize=700%2C400 2x"},"classes":[]},{"id":2621,"url":"http:\/\/kolajmagazine.com\/content\/content\/articles\/issue-seven-editorial\/","url_meta":{"origin":2768,"position":5},"title":"Issue Seven Editorial: Collaboration &#038; Collage","author":"Christopher Byrne","date":"31 January 2014","format":"gallery","excerpt":"\"Collaboration & Collage\"\u00a0by Benoit Depelteau The notion of collaboration has always been associated with collage, if not intrinsically related to it. In recent years, we have seen collagists the world over participate in a growing number of collaborative projects that have garnered much attention from the art world. In this\u2026","rel":"","context":"In &quot;Articles&quot;","block_context":{"text":"Articles","link":"http:\/\/kolajmagazine.com\/content\/category\/content\/articles\/"},"img":{"alt_text":"","src":"https:\/\/i0.wp.com\/kolajmagazine.com\/content\/wp-content\/uploads\/4-We-are-all-working-toward-the-same-goal-Bolin-Zhang-Taiwan-web.jpg?resize=350%2C200","width":350,"height":200,"srcset":"https:\/\/i0.wp.com\/kolajmagazine.com\/content\/wp-content\/uploads\/4-We-are-all-working-toward-the-same-goal-Bolin-Zhang-Taiwan-web.jpg?resize=350%2C200 1x, https:\/\/i0.wp.com\/kolajmagazine.com\/content\/wp-content\/uploads\/4-We-are-all-working-toward-the-same-goal-Bolin-Zhang-Taiwan-web.jpg?resize=525%2C300 1.5x, https:\/\/i0.wp.com\/kolajmagazine.com\/content\/wp-content\/uploads\/4-We-are-all-working-toward-the-same-goal-Bolin-Zhang-Taiwan-web.jpg?resize=700%2C400 2x"},"classes":[]}],"_links":{"self":[{"href":"http:\/\/kolajmagazine.com\/content\/wp-json\/wp\/v2\/posts\/2768"}],"collection":[{"href":"http:\/\/kolajmagazine.com\/content\/wp-json\/wp\/v2\/posts"}],"about":[{"href":"http:\/\/kolajmagazine.com\/content\/wp-json\/wp\/v2\/types\/post"}],"author":[{"embeddable":true,"href":"http:\/\/kolajmagazine.com\/content\/wp-json\/wp\/v2\/users\/6"}],"replies":[{"embeddable":true,"href":"http:\/\/kolajmagazine.com\/content\/wp-json\/wp\/v2\/comments?post=2768"}],"version-history":[{"count":0,"href":"http:\/\/kolajmagazine.com\/content\/wp-json\/wp\/v2\/posts\/2768\/revisions"}],"wp:featuredmedia":[{"embeddable":true,"href":"http:\/\/kolajmagazine.com\/content\/wp-json\/wp\/v2\/media\/2812"}],"wp:attachment":[{"href":"http:\/\/kolajmagazine.com\/content\/wp-json\/wp\/v2\/media?parent=2768"}],"wp:term":[{"taxonomy":"category","embeddable":true,"href":"http:\/\/kolajmagazine.com\/content\/wp-json\/wp\/v2\/categories?post=2768"},{"taxonomy":"post_tag","embeddable":true,"href":"http:\/\/kolajmagazine.com\/content\/wp-json\/wp\/v2\/tags?post=2768"}],"curies":[{"name":"wp","href":"https:\/\/api.w.org\/{rel}","templated":true}]}}