{"id":3851,"date":"2015-06-17T01:39:08","date_gmt":"2015-06-17T05:39:08","guid":{"rendered":"http:\/\/kolajmagazine.com\/content\/?p=3851"},"modified":"2015-06-16T17:46:02","modified_gmt":"2015-06-16T21:46:02","slug":"alana-questell","status":"publish","type":"post","link":"http:\/\/kolajmagazine.com\/content\/content\/collage-artists\/alana-questell\/","title":{"rendered":"Alana Questell"},"content":{"rendered":"<p><img decoding=\"async\" loading=\"lazy\" class=\"alignnone size-full wp-image-3852\" src=\"http:\/\/kolajmagazine.com\/content\/wp-content\/uploads\/alana-questell-growth-spurt.jpg\" alt=\"alana-questell-growth-spurt\" width=\"700\" height=\"700\" srcset=\"http:\/\/kolajmagazine.com\/content\/wp-content\/uploads\/alana-questell-growth-spurt.jpg 700w, http:\/\/kolajmagazine.com\/content\/wp-content\/uploads\/alana-questell-growth-spurt-300x300.jpg 300w, http:\/\/kolajmagazine.com\/content\/wp-content\/uploads\/alana-questell-growth-spurt-600x600.jpg 600w, http:\/\/kolajmagazine.com\/content\/wp-content\/uploads\/alana-questell-growth-spurt-144x144.jpg 144w, http:\/\/kolajmagazine.com\/content\/wp-content\/uploads\/alana-questell-growth-spurt-560x560.jpg 560w, http:\/\/kolajmagazine.com\/content\/wp-content\/uploads\/alana-questell-growth-spurt-260x260.jpg 260w, http:\/\/kolajmagazine.com\/content\/wp-content\/uploads\/alana-questell-growth-spurt-160x160.jpg 160w\" sizes=\"(max-width: 700px) 100vw, 700px\" \/><\/p>\n<p>Alana Questell\u2019s collage brings to life bright dreamscapes using vintage imagery. People and animals wander over mountainsides and through lush flowerbeds, but there is a sense that her universe is subtly in reverse. Moons are in place of suns, and animals are the dominant creatures, most of the time larger in scale, and much more at ease in their environments than their human cohabitants.<\/p>\n<p>Ariane Fairlie profiled Alana Questell\u00a0in an Artist Portfolio in <em>Kolaj Magazine<\/em> Issue 12. She wrote:<\/p>\n<blockquote><p>The spaces Questell creates are serene and airy, but there are undertones of servitude and struggle. In <em>Feeding Time<\/em>, men carry large forget-me-nots on their backs to serve a crowned hummingbird; and in <em>Growth Spurt<\/em>, a man emerges from a bejeweled chalice, hoisting up very heavy pink marigolds as an offering.<\/p><\/blockquote>\n<p>Alana Questell lives and works in Orlando, Florida. Visit her website, <a href=\"http:\/\/www.alanaquestell.com\" target=\"_blank\">HERE<\/a>, to learn more about her and her work.<\/p>\n<p>To see all of Alana Questell&#8217;s\u00a0Artist Portfolio, purchase <a href=\"http:\/\/kolajmagazine.com\/content\/issues\/issue-12\" target=\"_blank\">Issue Twelve<\/a> or <a href=\"http:\/\/kolajmagazine.com\/content\/subscribe\" target=\"_blank\">SUBSCRIBE<\/a> to never miss an issue.<\/p>\n<p><strong>Image:<\/strong><br \/>\n<em>Growth Spurt<\/em><br \/>\nby Alana Questell<br \/>\n6&#8243;x6&#8243;<br \/>\npaper collage on canvas<br \/>\n2013<br \/>\nCourtesy of the artist<\/p>\n","protected":false},"excerpt":{"rendered":"<p>Alana Questell\u2019s collage brings to life bright dreamscapes using vintage imagery. People and animals wander over mountainsides and through lush flowerbeds, but there is a sense that her universe is subtly in reverse. Moons are in place of suns, and&hellip;<\/p>\n<p class=\"more-link-p\"><a class=\"more-link\" href=\"http:\/\/kolajmagazine.com\/content\/content\/collage-artists\/alana-questell\/\">Read more &rarr;<\/a><\/p>\n","protected":false},"author":6,"featured_media":3852,"comment_status":"closed","ping_status":"closed","sticky":false,"template":"","format":"gallery","meta":{"jetpack_post_was_ever_published":false,"_jetpack_newsletter_access":"","footnotes":""},"categories":[22,9],"tags":[],"jetpack_featured_media_url":"http:\/\/kolajmagazine.com\/content\/wp-content\/uploads\/alana-questell-growth-spurt.jpg","jetpack_shortlink":"https:\/\/wp.me\/p2QTD7-107","jetpack_sharing_enabled":true,"jetpack_likes_enabled":true,"jetpack-related-posts":[{"id":846,"url":"http:\/\/kolajmagazine.com\/content\/contributors\/ariane-fairlie\/","url_meta":{"origin":3851,"position":0},"title":"Ariane Fairlie","author":"Christopher Byrne","date":"1 January 2012","format":false,"excerpt":"Ariane Fairlie was born in Toronto and moved to Montreal in 2010 to pursue an education as a studio-arts major at Concordia University. She is inspired by activism, especially within an art context, and interested in collage as one of the last (mostly unacknowledged) frontiers in the art community. Painting\u2026","rel":"","context":"In &quot;Ariane Fairlie&quot;","block_context":{"text":"Ariane Fairlie","link":"http:\/\/kolajmagazine.com\/content\/category\/ariane-fairlie\/"},"img":{"alt_text":"","src":"","width":0,"height":0},"classes":[]},{"id":4031,"url":"http:\/\/kolajmagazine.com\/content\/content\/articles\/annie-descoteaux\/","url_meta":{"origin":3851,"position":1},"title":"Annie Desc\u00f4teaux","author":"Christopher Byrne","date":"28 August 2015","format":"gallery","excerpt":"Artist Portfolio: Annie Desc\u00f4teaux A portfolio of Annie Desc\u00f4teaux's work appears in KOLAJ #13. \"It\u2019s impossible to see cutouts without thinking of Matisse, but it is rare to see them done with the fresh and contemporary approach that Annie Desc\u00f4teaux has developed,\" writes Ariane Fairlie. \"Playfulness exists throughout Descoteaux\u2019s collage,\u2026","rel":"","context":"In &quot;Ariane Fairlie&quot;","block_context":{"text":"Ariane Fairlie","link":"http:\/\/kolajmagazine.com\/content\/category\/ariane-fairlie\/"},"img":{"alt_text":"","src":"https:\/\/i0.wp.com\/kolajmagazine.com\/content\/wp-content\/uploads\/AD_02.jpg?resize=350%2C200","width":350,"height":200,"srcset":"https:\/\/i0.wp.com\/kolajmagazine.com\/content\/wp-content\/uploads\/AD_02.jpg?resize=350%2C200 1x, https:\/\/i0.wp.com\/kolajmagazine.com\/content\/wp-content\/uploads\/AD_02.jpg?resize=525%2C300 1.5x, https:\/\/i0.wp.com\/kolajmagazine.com\/content\/wp-content\/uploads\/AD_02.jpg?resize=700%2C400 2x"},"classes":[]},{"id":3466,"url":"http:\/\/kolajmagazine.com\/content\/content\/articles\/vanessa-woods\/","url_meta":{"origin":3851,"position":2},"title":"Vanessa Woods","author":"Christopher Byrne","date":"25 December 2014","format":"gallery","excerpt":"Vanessa Woods is an internationally exhibited artist who works in photography, collage, and film. Her\u00a0collages combine found paper ephemera with disparate images to create systems that juxtapose the mechanized and biological\u00a0world. Current pieces are often comprised of found material that includes images of birds, animals, machines and scientific objects that\u2026","rel":"","context":"In &quot;Ariane Fairlie&quot;","block_context":{"text":"Ariane Fairlie","link":"http:\/\/kolajmagazine.com\/content\/category\/ariane-fairlie\/"},"img":{"alt_text":"","src":"https:\/\/i0.wp.com\/kolajmagazine.com\/content\/wp-content\/uploads\/vanessa-woods-hybrid-3.jpg?resize=350%2C200","width":350,"height":200,"srcset":"https:\/\/i0.wp.com\/kolajmagazine.com\/content\/wp-content\/uploads\/vanessa-woods-hybrid-3.jpg?resize=350%2C200 1x, https:\/\/i0.wp.com\/kolajmagazine.com\/content\/wp-content\/uploads\/vanessa-woods-hybrid-3.jpg?resize=525%2C300 1.5x, https:\/\/i0.wp.com\/kolajmagazine.com\/content\/wp-content\/uploads\/vanessa-woods-hybrid-3.jpg?resize=700%2C400 2x"},"classes":[]},{"id":4013,"url":"http:\/\/kolajmagazine.com\/content\/content\/collage-artists\/claire-burelli\/","url_meta":{"origin":3851,"position":3},"title":"Claire Burelli","author":"Christopher Byrne","date":"21 August 2015","format":"gallery","excerpt":"FROM KOLAJ #13 Artist Portfolio: Claire Burelli A portfolio of Claire Burelli\u2019s work appears in KOLAJ #13. Burelli\u2019s collages consistently play with obstruction. She digitally removes people mostly, though sometimes their surroundings, from the information of the images she uses. \"Burelli brings the viewer into the realm of the possible,\u2026","rel":"","context":"In &quot;Ariane Fairlie&quot;","block_context":{"text":"Ariane Fairlie","link":"http:\/\/kolajmagazine.com\/content\/category\/ariane-fairlie\/"},"img":{"alt_text":"","src":"https:\/\/i0.wp.com\/kolajmagazine.com\/content\/wp-content\/uploads\/claire-burelli-je_ne_suis_personne.jpg?resize=350%2C200","width":350,"height":200,"srcset":"https:\/\/i0.wp.com\/kolajmagazine.com\/content\/wp-content\/uploads\/claire-burelli-je_ne_suis_personne.jpg?resize=350%2C200 1x, https:\/\/i0.wp.com\/kolajmagazine.com\/content\/wp-content\/uploads\/claire-burelli-je_ne_suis_personne.jpg?resize=525%2C300 1.5x, https:\/\/i0.wp.com\/kolajmagazine.com\/content\/wp-content\/uploads\/claire-burelli-je_ne_suis_personne.jpg?resize=700%2C400 2x"},"classes":[]},{"id":4258,"url":"http:\/\/kolajmagazine.com\/content\/content\/articles\/paul-loughney\/","url_meta":{"origin":3851,"position":4},"title":"Paul Loughney","author":"Christopher Byrne","date":"31 October 2015","format":"gallery","excerpt":"Artist Portfolio: Paul Loughney A portfolio of Paul Loughney\u2019s work appears in KOLAJ #13. To see the Artist Portfolio, SUBSCRIBE to Kolaj Magazine or Get a Copy of the Issue. Paul Loughney\u2019s work offers a mix of intrigue, sensuality, and strange space. The viewer is at first attracted to the\u2026","rel":"","context":"In &quot;Ariane Fairlie&quot;","block_context":{"text":"Ariane Fairlie","link":"http:\/\/kolajmagazine.com\/content\/category\/ariane-fairlie\/"},"img":{"alt_text":"","src":"https:\/\/i0.wp.com\/kolajmagazine.com\/content\/wp-content\/uploads\/Loughney_Rented_Spaces.jpg?resize=350%2C200","width":350,"height":200,"srcset":"https:\/\/i0.wp.com\/kolajmagazine.com\/content\/wp-content\/uploads\/Loughney_Rented_Spaces.jpg?resize=350%2C200 1x, https:\/\/i0.wp.com\/kolajmagazine.com\/content\/wp-content\/uploads\/Loughney_Rented_Spaces.jpg?resize=525%2C300 1.5x, https:\/\/i0.wp.com\/kolajmagazine.com\/content\/wp-content\/uploads\/Loughney_Rented_Spaces.jpg?resize=700%2C400 2x"},"classes":[]},{"id":3074,"url":"http:\/\/kolajmagazine.com\/content\/content\/articles\/modern-day-witch-l-a\/","url_meta":{"origin":3851,"position":5},"title":"Modern-Day Witch of L.A.","author":"Christopher Byrne","date":"3 July 2014","format":"gallery","excerpt":"In Issue 8 of Kolaj Magazine, Ariane Fairlie profiled musician, video artist, performance artist, costume designer and, of course, collage artist Marnie Weber. Ariane Fairlie writes: Weber\u2019s engagement with collage coincided with her career in the alternative rock scene, performing with The Party Boys and Perfect Me in the 80\u2019s\u2026","rel":"","context":"In &quot;Ariane Fairlie&quot;","block_context":{"text":"Ariane Fairlie","link":"http:\/\/kolajmagazine.com\/content\/category\/ariane-fairlie\/"},"img":{"alt_text":"","src":"https:\/\/i0.wp.com\/kolajmagazine.com\/content\/wp-content\/uploads\/marnie-weber-pink-sofa-issue-8.jpg?resize=350%2C200","width":350,"height":200,"srcset":"https:\/\/i0.wp.com\/kolajmagazine.com\/content\/wp-content\/uploads\/marnie-weber-pink-sofa-issue-8.jpg?resize=350%2C200 1x, https:\/\/i0.wp.com\/kolajmagazine.com\/content\/wp-content\/uploads\/marnie-weber-pink-sofa-issue-8.jpg?resize=525%2C300 1.5x, https:\/\/i0.wp.com\/kolajmagazine.com\/content\/wp-content\/uploads\/marnie-weber-pink-sofa-issue-8.jpg?resize=700%2C400 2x"},"classes":[]}],"_links":{"self":[{"href":"http:\/\/kolajmagazine.com\/content\/wp-json\/wp\/v2\/posts\/3851"}],"collection":[{"href":"http:\/\/kolajmagazine.com\/content\/wp-json\/wp\/v2\/posts"}],"about":[{"href":"http:\/\/kolajmagazine.com\/content\/wp-json\/wp\/v2\/types\/post"}],"author":[{"embeddable":true,"href":"http:\/\/kolajmagazine.com\/content\/wp-json\/wp\/v2\/users\/6"}],"replies":[{"embeddable":true,"href":"http:\/\/kolajmagazine.com\/content\/wp-json\/wp\/v2\/comments?post=3851"}],"version-history":[{"count":0,"href":"http:\/\/kolajmagazine.com\/content\/wp-json\/wp\/v2\/posts\/3851\/revisions"}],"wp:featuredmedia":[{"embeddable":true,"href":"http:\/\/kolajmagazine.com\/content\/wp-json\/wp\/v2\/media\/3852"}],"wp:attachment":[{"href":"http:\/\/kolajmagazine.com\/content\/wp-json\/wp\/v2\/media?parent=3851"}],"wp:term":[{"taxonomy":"category","embeddable":true,"href":"http:\/\/kolajmagazine.com\/content\/wp-json\/wp\/v2\/categories?post=3851"},{"taxonomy":"post_tag","embeddable":true,"href":"http:\/\/kolajmagazine.com\/content\/wp-json\/wp\/v2\/tags?post=3851"}],"curies":[{"name":"wp","href":"https:\/\/api.w.org\/{rel}","templated":true}]}}