{"id":4013,"date":"2015-08-21T01:22:19","date_gmt":"2015-08-21T05:22:19","guid":{"rendered":"http:\/\/kolajmagazine.com\/content\/?p=4013"},"modified":"2015-08-25T16:14:37","modified_gmt":"2015-08-25T20:14:37","slug":"claire-burelli","status":"publish","type":"post","link":"http:\/\/kolajmagazine.com\/content\/content\/collage-artists\/claire-burelli\/","title":{"rendered":"Claire Burelli"},"content":{"rendered":"<p><img decoding=\"async\" loading=\"lazy\" class=\"alignnone size-full wp-image-4015\" src=\"http:\/\/kolajmagazine.com\/content\/wp-content\/uploads\/claire-burelli-je_ne_suis_personne.jpg\" alt=\"claire-burelli-je_ne_suis_personne\" width=\"700\" height=\"700\" srcset=\"http:\/\/kolajmagazine.com\/content\/wp-content\/uploads\/claire-burelli-je_ne_suis_personne.jpg 700w, http:\/\/kolajmagazine.com\/content\/wp-content\/uploads\/claire-burelli-je_ne_suis_personne-300x300.jpg 300w, http:\/\/kolajmagazine.com\/content\/wp-content\/uploads\/claire-burelli-je_ne_suis_personne-600x600.jpg 600w, http:\/\/kolajmagazine.com\/content\/wp-content\/uploads\/claire-burelli-je_ne_suis_personne-144x144.jpg 144w, http:\/\/kolajmagazine.com\/content\/wp-content\/uploads\/claire-burelli-je_ne_suis_personne-560x560.jpg 560w, http:\/\/kolajmagazine.com\/content\/wp-content\/uploads\/claire-burelli-je_ne_suis_personne-260x260.jpg 260w, http:\/\/kolajmagazine.com\/content\/wp-content\/uploads\/claire-burelli-je_ne_suis_personne-160x160.jpg 160w\" sizes=\"(max-width: 700px) 100vw, 700px\" \/><\/p>\n<p>FROM <a href=\"http:\/\/kolajmagazine.com\/content\/issues\/kolaj-13\">KOLAJ #13<\/a><\/p>\n<h2>Artist Portfolio: Claire Burelli<\/h2>\n<p><img decoding=\"async\" loading=\"lazy\" class=\"alignright wp-image-4017\" src=\"http:\/\/kolajmagazine.com\/content\/wp-content\/uploads\/claire-burelli-disparition.jpg\" alt=\"claire-burelli-disparition\" width=\"300\" height=\"400\" srcset=\"http:\/\/kolajmagazine.com\/content\/wp-content\/uploads\/claire-burelli-disparition.jpg 367w, http:\/\/kolajmagazine.com\/content\/wp-content\/uploads\/claire-burelli-disparition-300x400.jpg 300w, http:\/\/kolajmagazine.com\/content\/wp-content\/uploads\/claire-burelli-disparition-260x346.jpg 260w, http:\/\/kolajmagazine.com\/content\/wp-content\/uploads\/claire-burelli-disparition-160x213.jpg 160w\" sizes=\"(max-width: 300px) 100vw, 300px\" \/>A portfolio of Claire Burelli\u2019s work appears in <a href=\"http:\/\/kolajmagazine.com\/content\/issues\/kolaj-13\">KOLAJ #13<\/a>.<\/p>\n<p>Burelli\u2019s collages consistently play with obstruction. She digitally removes people mostly, though sometimes their surroundings, from the information of the images she uses.<\/p>\n<h2>&#8220;Burelli brings the viewer into the realm of the possible, by impossibly by taking a photograph and remixing it within a frame, remixed within another frame.&#8221;<\/h2>\n<p style=\"text-align: right;\">-Ariane Fairlie<\/p>\n<p><img decoding=\"async\" loading=\"lazy\" class=\"alignnone size-full wp-image-4019\" src=\"http:\/\/kolajmagazine.com\/content\/wp-content\/uploads\/claire-burelli-sandwich.jpg\" alt=\"claire-burelli-sandwich\" width=\"700\" height=\"469\" srcset=\"http:\/\/kolajmagazine.com\/content\/wp-content\/uploads\/claire-burelli-sandwich.jpg 700w, http:\/\/kolajmagazine.com\/content\/wp-content\/uploads\/claire-burelli-sandwich-300x201.jpg 300w, http:\/\/kolajmagazine.com\/content\/wp-content\/uploads\/claire-burelli-sandwich-600x402.jpg 600w, http:\/\/kolajmagazine.com\/content\/wp-content\/uploads\/claire-burelli-sandwich-560x375.jpg 560w, http:\/\/kolajmagazine.com\/content\/wp-content\/uploads\/claire-burelli-sandwich-260x174.jpg 260w, http:\/\/kolajmagazine.com\/content\/wp-content\/uploads\/claire-burelli-sandwich-160x107.jpg 160w\" sizes=\"(max-width: 700px) 100vw, 700px\" \/><\/p>\n<h2>&#8220;Burelli uses the muted palette of the archival imagery she transforms. This \u201cdisturbs the moment\u201d of the photograph.&#8221;<\/h2>\n<p style=\"text-align: right;\">-Ariane Fairlie<\/p>\n<p>Burelli lives and works in Montreal, Quebec. She is listed in the Kolaj Magazine Artist Directory. To see the\u00a0Artist Portfolio,\u00a0<a href=\"http:\/\/kolajmagazine.com\/content\/issues\/kolaj-13\" target=\"_blank\">PURCHASE KOLAJ #13<\/a>\u00a0or <a href=\"http:\/\/kolajmagazine.com\/content\/subscribe\" target=\"_blank\">SUBSCRIBE<\/a> to never miss an issue.<\/p>\n<p>Images:<\/p>\n<p>(top)<br \/>\n<em>Je ne suis personne<\/em> by Claire Burelli<br \/>\n11&#8243;x11&#8243;; inkjet print on cotton paper; 2014<\/p>\n<p>(centre)<br \/>\n<em>Disparition<\/em>\u00a0by Claire Burelli<br \/>\n11&#8243;x7&#8243;;\u00a0inkjet on polypropylene;\u00a02014<\/p>\n<p>(bottom)<br \/>\n<em>Sandwich<\/em>\u00a0by Claire Burelli<br \/>\n4&#8243;x6&#8243;;\u00a0inkjet print on cotton paper;\u00a02014<\/p>\n","protected":false},"excerpt":{"rendered":"<p>FROM KOLAJ #13 Artist Portfolio: Claire Burelli A portfolio of Claire Burelli\u2019s work appears in KOLAJ #13. Burelli\u2019s collages consistently play with obstruction. She digitally removes people mostly, though sometimes their surroundings, from the information of the images she uses.&hellip;<\/p>\n<p class=\"more-link-p\"><a class=\"more-link\" href=\"http:\/\/kolajmagazine.com\/content\/content\/collage-artists\/claire-burelli\/\">Read more &rarr;<\/a><\/p>\n","protected":false},"author":6,"featured_media":4015,"comment_status":"closed","ping_status":"closed","sticky":false,"template":"","format":"gallery","meta":{"jetpack_post_was_ever_published":false,"_jetpack_newsletter_access":"","footnotes":""},"categories":[22,9],"tags":[],"jetpack_featured_media_url":"http:\/\/kolajmagazine.com\/content\/wp-content\/uploads\/claire-burelli-je_ne_suis_personne.jpg","jetpack_shortlink":"https:\/\/wp.me\/p2QTD7-12J","jetpack_sharing_enabled":true,"jetpack_likes_enabled":true,"jetpack-related-posts":[{"id":4031,"url":"http:\/\/kolajmagazine.com\/content\/content\/articles\/annie-descoteaux\/","url_meta":{"origin":4013,"position":0},"title":"Annie Desc\u00f4teaux","author":"Christopher Byrne","date":"28 August 2015","format":"gallery","excerpt":"Artist Portfolio: Annie Desc\u00f4teaux A portfolio of Annie Desc\u00f4teaux's work appears in KOLAJ #13. \"It\u2019s impossible to see cutouts without thinking of Matisse, but it is rare to see them done with the fresh and contemporary approach that Annie Desc\u00f4teaux has developed,\" writes Ariane Fairlie. \"Playfulness exists throughout Descoteaux\u2019s collage,\u2026","rel":"","context":"In &quot;Ariane Fairlie&quot;","block_context":{"text":"Ariane Fairlie","link":"http:\/\/kolajmagazine.com\/content\/category\/ariane-fairlie\/"},"img":{"alt_text":"","src":"https:\/\/i0.wp.com\/kolajmagazine.com\/content\/wp-content\/uploads\/AD_02.jpg?resize=350%2C200","width":350,"height":200,"srcset":"https:\/\/i0.wp.com\/kolajmagazine.com\/content\/wp-content\/uploads\/AD_02.jpg?resize=350%2C200 1x, https:\/\/i0.wp.com\/kolajmagazine.com\/content\/wp-content\/uploads\/AD_02.jpg?resize=525%2C300 1.5x, https:\/\/i0.wp.com\/kolajmagazine.com\/content\/wp-content\/uploads\/AD_02.jpg?resize=700%2C400 2x"},"classes":[]},{"id":4258,"url":"http:\/\/kolajmagazine.com\/content\/content\/articles\/paul-loughney\/","url_meta":{"origin":4013,"position":1},"title":"Paul Loughney","author":"Christopher Byrne","date":"31 October 2015","format":"gallery","excerpt":"Artist Portfolio: Paul Loughney A portfolio of Paul Loughney\u2019s work appears in KOLAJ #13. To see the Artist Portfolio, SUBSCRIBE to Kolaj Magazine or Get a Copy of the Issue. Paul Loughney\u2019s work offers a mix of intrigue, sensuality, and strange space. The viewer is at first attracted to the\u2026","rel":"","context":"In &quot;Ariane Fairlie&quot;","block_context":{"text":"Ariane Fairlie","link":"http:\/\/kolajmagazine.com\/content\/category\/ariane-fairlie\/"},"img":{"alt_text":"","src":"https:\/\/i0.wp.com\/kolajmagazine.com\/content\/wp-content\/uploads\/Loughney_Rented_Spaces.jpg?resize=350%2C200","width":350,"height":200,"srcset":"https:\/\/i0.wp.com\/kolajmagazine.com\/content\/wp-content\/uploads\/Loughney_Rented_Spaces.jpg?resize=350%2C200 1x, https:\/\/i0.wp.com\/kolajmagazine.com\/content\/wp-content\/uploads\/Loughney_Rented_Spaces.jpg?resize=525%2C300 1.5x, https:\/\/i0.wp.com\/kolajmagazine.com\/content\/wp-content\/uploads\/Loughney_Rented_Spaces.jpg?resize=700%2C400 2x"},"classes":[]},{"id":3946,"url":"http:\/\/kolajmagazine.com\/content\/content\/collage-artists\/gemma-anton\/","url_meta":{"origin":4013,"position":2},"title":"Gemma Anton","author":"kasini","date":"16 August 2015","format":"gallery","excerpt":"FROM KOLAJ #13 Artist Portfolio:\u00a0Gemma Anton Gemma Anton, who works under the name espacios-parentesis, is an architect who sees public space as a \u201cmoving collage\u201d of differences. As a lifetime spectator of great collagists, she figured the next natural step was trying to make them herself. Now, cutting and pasting\u2026","rel":"","context":"In &quot;Ariane Fairlie&quot;","block_context":{"text":"Ariane Fairlie","link":"http:\/\/kolajmagazine.com\/content\/category\/ariane-fairlie\/"},"img":{"alt_text":"","src":"https:\/\/i0.wp.com\/kolajmagazine.com\/content\/wp-content\/uploads\/5_espacios-parentesis_kolajmag_equilibrium-1_300.jpg?resize=350%2C200","width":350,"height":200,"srcset":"https:\/\/i0.wp.com\/kolajmagazine.com\/content\/wp-content\/uploads\/5_espacios-parentesis_kolajmag_equilibrium-1_300.jpg?resize=350%2C200 1x, https:\/\/i0.wp.com\/kolajmagazine.com\/content\/wp-content\/uploads\/5_espacios-parentesis_kolajmag_equilibrium-1_300.jpg?resize=525%2C300 1.5x, https:\/\/i0.wp.com\/kolajmagazine.com\/content\/wp-content\/uploads\/5_espacios-parentesis_kolajmag_equilibrium-1_300.jpg?resize=700%2C400 2x"},"classes":[]},{"id":4230,"url":"http:\/\/kolajmagazine.com\/content\/content\/articles\/lola-dupre\/","url_meta":{"origin":4013,"position":3},"title":"Lola Dupre","author":"kasini","date":"25 October 2015","format":"gallery","excerpt":"Artist Portfolio: Lola Dupre A portfolio of Lola Dupre\u2019s work appears in KOLAJ #13. \u201cHer technique is defiantly analog as she de-beautifies faces of celebrities and real and fictional people.\u201d -Ariane Fairlie. Lola Dupre lives in Galway, Ireland. Her work can be found on her website. To see the Artist\u2026","rel":"","context":"In &quot;Ariane Fairlie&quot;","block_context":{"text":"Ariane Fairlie","link":"http:\/\/kolajmagazine.com\/content\/category\/ariane-fairlie\/"},"img":{"alt_text":"","src":"https:\/\/i0.wp.com\/kolajmagazine.com\/content\/wp-content\/uploads\/Lola-Dupre10.jpg?resize=350%2C200","width":350,"height":200,"srcset":"https:\/\/i0.wp.com\/kolajmagazine.com\/content\/wp-content\/uploads\/Lola-Dupre10.jpg?resize=350%2C200 1x, https:\/\/i0.wp.com\/kolajmagazine.com\/content\/wp-content\/uploads\/Lola-Dupre10.jpg?resize=525%2C300 1.5x, https:\/\/i0.wp.com\/kolajmagazine.com\/content\/wp-content\/uploads\/Lola-Dupre10.jpg?resize=700%2C400 2x"},"classes":[]},{"id":3642,"url":"http:\/\/kolajmagazine.com\/content\/content\/articles\/daniela-akerblom\/","url_meta":{"origin":4013,"position":4},"title":"Daniela Akerblom","author":"Christopher Byrne","date":"20 March 2015","format":"gallery","excerpt":"Montreal artist Daniela Akerblom has worked in theatre, film, and television as an actor, production coordinator, and set photographer, but now she focuses her energies on collage. Ariane Fairlie profiled Akerblom in an Artist Portfolio in Kolaj Magazine Issue 11. In Bacchanalia, Akerblom takes a more critical stance than A\u2026","rel":"","context":"In &quot;Ariane Fairlie&quot;","block_context":{"text":"Ariane Fairlie","link":"http:\/\/kolajmagazine.com\/content\/category\/ariane-fairlie\/"},"img":{"alt_text":"","src":"https:\/\/i0.wp.com\/kolajmagazine.com\/content\/wp-content\/uploads\/daniela-akerblom-bacchanalia.jpg?resize=350%2C200","width":350,"height":200,"srcset":"https:\/\/i0.wp.com\/kolajmagazine.com\/content\/wp-content\/uploads\/daniela-akerblom-bacchanalia.jpg?resize=350%2C200 1x, https:\/\/i0.wp.com\/kolajmagazine.com\/content\/wp-content\/uploads\/daniela-akerblom-bacchanalia.jpg?resize=525%2C300 1.5x"},"classes":[]},{"id":3892,"url":"http:\/\/kolajmagazine.com\/content\/content\/collage-artists\/michael-church\/","url_meta":{"origin":4013,"position":5},"title":"Michael Church","author":"Christopher Byrne","date":"2 July 2015","format":"gallery","excerpt":"Michael Church says about his art practice,\u00a0\u201cI have no desire to understand art. I do however have a strong desire to confront myself through artistic ventures.\u00a0The urgent connection between creation and destruction are on display within the pieces I\u2019ve broken apart, then reconnected. It is in this space that I\u2026","rel":"","context":"In &quot;Ariane Fairlie&quot;","block_context":{"text":"Ariane Fairlie","link":"http:\/\/kolajmagazine.com\/content\/category\/ariane-fairlie\/"},"img":{"alt_text":"","src":"https:\/\/i0.wp.com\/kolajmagazine.com\/content\/wp-content\/uploads\/michael-church-wake-me-when-its-over.jpg?resize=350%2C200","width":350,"height":200,"srcset":"https:\/\/i0.wp.com\/kolajmagazine.com\/content\/wp-content\/uploads\/michael-church-wake-me-when-its-over.jpg?resize=350%2C200 1x, https:\/\/i0.wp.com\/kolajmagazine.com\/content\/wp-content\/uploads\/michael-church-wake-me-when-its-over.jpg?resize=525%2C300 1.5x"},"classes":[]}],"_links":{"self":[{"href":"http:\/\/kolajmagazine.com\/content\/wp-json\/wp\/v2\/posts\/4013"}],"collection":[{"href":"http:\/\/kolajmagazine.com\/content\/wp-json\/wp\/v2\/posts"}],"about":[{"href":"http:\/\/kolajmagazine.com\/content\/wp-json\/wp\/v2\/types\/post"}],"author":[{"embeddable":true,"href":"http:\/\/kolajmagazine.com\/content\/wp-json\/wp\/v2\/users\/6"}],"replies":[{"embeddable":true,"href":"http:\/\/kolajmagazine.com\/content\/wp-json\/wp\/v2\/comments?post=4013"}],"version-history":[{"count":0,"href":"http:\/\/kolajmagazine.com\/content\/wp-json\/wp\/v2\/posts\/4013\/revisions"}],"wp:featuredmedia":[{"embeddable":true,"href":"http:\/\/kolajmagazine.com\/content\/wp-json\/wp\/v2\/media\/4015"}],"wp:attachment":[{"href":"http:\/\/kolajmagazine.com\/content\/wp-json\/wp\/v2\/media?parent=4013"}],"wp:term":[{"taxonomy":"category","embeddable":true,"href":"http:\/\/kolajmagazine.com\/content\/wp-json\/wp\/v2\/categories?post=4013"},{"taxonomy":"post_tag","embeddable":true,"href":"http:\/\/kolajmagazine.com\/content\/wp-json\/wp\/v2\/tags?post=4013"}],"curies":[{"name":"wp","href":"https:\/\/api.w.org\/{rel}","templated":true}]}}