{"id":4418,"date":"2015-12-07T01:16:23","date_gmt":"2015-12-07T06:16:23","guid":{"rendered":"http:\/\/kolajmagazine.com\/content\/?p=4418"},"modified":"2015-12-10T20:34:50","modified_gmt":"2015-12-11T01:34:50","slug":"collage-city","status":"publish","type":"post","link":"http:\/\/kolajmagazine.com\/content\/content\/articles\/collage-city\/","title":{"rendered":"Collage City"},"content":{"rendered":"<p><img decoding=\"async\" loading=\"lazy\" class=\"alignnone size-full wp-image-4419\" src=\"http:\/\/kolajmagazine.com\/content\/wp-content\/uploads\/collage-in-the-village.jpg\" alt=\"collage-in-the-village\" width=\"700\" height=\"472\" srcset=\"http:\/\/kolajmagazine.com\/content\/wp-content\/uploads\/collage-in-the-village.jpg 700w, http:\/\/kolajmagazine.com\/content\/wp-content\/uploads\/collage-in-the-village-300x202.jpg 300w, http:\/\/kolajmagazine.com\/content\/wp-content\/uploads\/collage-in-the-village-600x405.jpg 600w, http:\/\/kolajmagazine.com\/content\/wp-content\/uploads\/collage-in-the-village-560x378.jpg 560w, http:\/\/kolajmagazine.com\/content\/wp-content\/uploads\/collage-in-the-village-260x175.jpg 260w, http:\/\/kolajmagazine.com\/content\/wp-content\/uploads\/collage-in-the-village-160x108.jpg 160w\" sizes=\"(max-width: 700px) 100vw, 700px\" \/><\/p>\n<h2>Collage on the Streets of Montreal\u2019s Village<\/h2>\n<p>This news item appears in <em>Kolaj<\/em> #14. <a href=\"http:\/\/kolajmagazine.com\/content\/subscribe\/\" target=\"_blank\">SUBSCRIBE<\/a> to <em>Kolaj Magazine<\/em> or <a href=\"http:\/\/kolajmagazine.com\/content\/issues\/kolaj-14\/\" target=\"_blank\">Get a Copy of the Issue<\/a> to get the wonderful world of <em>Kolaj<\/em> delivered to your mailbox.<\/p>\n<p>Montreal\u2019s Gay Village is being lit by collage this winter. From 9 November 2015 until Spring 2016, Sainte-Catherine Street East is illuminated with Jean-S\u00e9bastien Denis\u2019 series \u201cAmalgame\u201d, 90 8-foot light posts featuring long sleeves covered with backlit abstract collage images. The Village\u2019s Commercial Development Company, in conjunction with Montreal\u2019s Ville Marie borough, installed the work to allow the street to \u201cshine with a thousand fires and glow with vitality during the cold season.\u201d<\/p>\n<p>Artist Denis said, \u201cThe world, urbanity and movement are the subjects that inspire me\u2026The blending of disparate elements allows for many different interpretations and that\u2019s what I love.\u201d To see the original \u201cAmalgame\u201d series, visit <a href=\"http:\/\/www.jeansebastiendenis.com\" target=\"_blank\">www.jeansebastiendenis.com<\/a>.<\/p>\n<p><strong>Image:<\/strong><br \/>\nfrom the \u201cAmalgame\u201d series<br \/>\nby Jean-S\u00e9bastien Denis<br \/>\n57\u201dx41\u201d<br \/>\nmixed media on Mylar<br \/>\n2014<br \/>\nCourtesy of the <a href=\"http:\/\/www.unmondeunvillage.com\/\" target=\"_blank\">Soci\u00e9t\u00e9 de d\u00e9veloppement commercial du Village<\/a><\/p>\n","protected":false},"excerpt":{"rendered":"<p>Collage on the Streets of Montreal\u2019s Village This news item appears in Kolaj #14. SUBSCRIBE to Kolaj Magazine or Get a Copy of the Issue to get the wonderful world of Kolaj delivered to your mailbox. Montreal\u2019s Gay Village is&hellip;<\/p>\n<p class=\"more-link-p\"><a class=\"more-link\" href=\"http:\/\/kolajmagazine.com\/content\/content\/articles\/collage-city\/\">Read more &rarr;<\/a><\/p>\n","protected":false},"author":6,"featured_media":4419,"comment_status":"closed","ping_status":"closed","sticky":false,"template":"","format":"gallery","meta":{"jetpack_post_was_ever_published":false,"_jetpack_newsletter_access":"","footnotes":""},"categories":[6],"tags":[],"jetpack_featured_media_url":"http:\/\/kolajmagazine.com\/content\/wp-content\/uploads\/collage-in-the-village.jpg","jetpack_shortlink":"https:\/\/wp.me\/p2QTD7-19g","jetpack_sharing_enabled":true,"jetpack_likes_enabled":true,"jetpack-related-posts":[{"id":4687,"url":"http:\/\/kolajmagazine.com\/content\/content\/collage-books\/julie-doucets-carpet-sweeper-tales\/","url_meta":{"origin":4418,"position":0},"title":"Julie Doucet&#8217;s Carpet Sweeper Tales","author":"Christopher Byrne","date":"31 March 2016","format":"gallery","excerpt":"Montreal illustrator, comic book artist and collagist Julie Doucet's Carpet Sweeper Tales is a collection of collaged photo comics using images from 1960 and 70s Italian photo novellas (fumetti) and text from 1940s and 50s American advertising. Published by Montreal's Drawn & Quarterly, the book launches Thursday, 7 April at\u2026","rel":"","context":"In &quot;Books&quot;","block_context":{"text":"Books","link":"http:\/\/kolajmagazine.com\/content\/category\/content\/collage-books\/"},"img":{"alt_text":"","src":"https:\/\/i0.wp.com\/kolajmagazine.com\/content\/wp-content\/uploads\/cover-carpet-sweeper-tales.jpg?resize=350%2C200","width":350,"height":200,"srcset":"https:\/\/i0.wp.com\/kolajmagazine.com\/content\/wp-content\/uploads\/cover-carpet-sweeper-tales.jpg?resize=350%2C200 1x, https:\/\/i0.wp.com\/kolajmagazine.com\/content\/wp-content\/uploads\/cover-carpet-sweeper-tales.jpg?resize=525%2C300 1.5x"},"classes":[]},{"id":4309,"url":"http:\/\/kolajmagazine.com\/content\/content\/collage-events\/kolaj-goes-to-expozine\/","url_meta":{"origin":4418,"position":1},"title":"Kolaj Goes to Expozine","author":"Christopher Byrne","date":"11 November 2015","format":"gallery","excerpt":"Once a year, hundreds of small presses, artists, and \u2018zine-makers gather in a Montreal church basement for a weekend of art, literature, and publishing. One of the largest small press, comic, and 'zine fairs in North America, Expozine brings together nearly 300 creators of print working in both English and\u2026","rel":"","context":"In &quot;Events&quot;","block_context":{"text":"Events","link":"http:\/\/kolajmagazine.com\/content\/category\/content\/collage-events\/"},"img":{"alt_text":"","src":"https:\/\/i0.wp.com\/kolajmagazine.com\/content\/wp-content\/uploads\/expozine2015poster.jpg?resize=350%2C200","width":350,"height":200,"srcset":"https:\/\/i0.wp.com\/kolajmagazine.com\/content\/wp-content\/uploads\/expozine2015poster.jpg?resize=350%2C200 1x, https:\/\/i0.wp.com\/kolajmagazine.com\/content\/wp-content\/uploads\/expozine2015poster.jpg?resize=525%2C300 1.5x, https:\/\/i0.wp.com\/kolajmagazine.com\/content\/wp-content\/uploads\/expozine2015poster.jpg?resize=700%2C400 2x"},"classes":[]},{"id":6197,"url":"http:\/\/kolajmagazine.com\/content\/content\/articles\/assemblage-wins-grand-prix-at-mtl-en-arts\/","url_meta":{"origin":4418,"position":2},"title":"Assemblage Wins Grand Prix at Mtl en Arts","author":"Christopher Byrne","date":"25 August 2017","format":"gallery","excerpt":"Assemblage Wins Grand Prix at Mtl en Arts Montreal artist Nicolas Nabonne was the winner of the Grand Prix at the 18th Festival International Mtl en Arts, held 30 June to 2 July 2017 in Montreal\u2019s Gay Village. His winning assemblage work, Bonne F\u00eate Montr\u00e9al!, is an ironic take on\u2026","rel":"","context":"In &quot;Articles&quot;","block_context":{"text":"Articles","link":"http:\/\/kolajmagazine.com\/content\/category\/content\/articles\/"},"img":{"alt_text":"","src":"https:\/\/i0.wp.com\/kolajmagazine.com\/content\/wp-content\/uploads\/Nicolas-Nabonne-Bonne-fete-Montreal-1-web.jpg?resize=350%2C200","width":350,"height":200,"srcset":"https:\/\/i0.wp.com\/kolajmagazine.com\/content\/wp-content\/uploads\/Nicolas-Nabonne-Bonne-fete-Montreal-1-web.jpg?resize=350%2C200 1x, https:\/\/i0.wp.com\/kolajmagazine.com\/content\/wp-content\/uploads\/Nicolas-Nabonne-Bonne-fete-Montreal-1-web.jpg?resize=525%2C300 1.5x, https:\/\/i0.wp.com\/kolajmagazine.com\/content\/wp-content\/uploads\/Nicolas-Nabonne-Bonne-fete-Montreal-1-web.jpg?resize=700%2C400 2x"},"classes":[]},{"id":3913,"url":"http:\/\/kolajmagazine.com\/content\/content\/collage-events\/kolaj-at-edition-pop-up-collage-montreal\/","url_meta":{"origin":4418,"position":3},"title":"Kolaj at \u00c9dition Pop-Up Collage, Montreal","author":"Christopher Byrne","date":"28 July 2015","format":"gallery","excerpt":"31 July-2 August 2015 Opening reception: Friday, 31 July, 4-8PM Kolaj Magazine is proud to be represented at Collectif Blanc's \"\u00c9dition Pop-Up Collage\", a two-site, three-day event presented in conjunction with Galerie Espace Projet that \"celebrates the myriad forms and formats of collage.\" Collectif Blanc says: The Montr\u00e9al collage-making scene\u2026","rel":"","context":"In &quot;Events&quot;","block_context":{"text":"Events","link":"http:\/\/kolajmagazine.com\/content\/category\/content\/collage-events\/"},"img":{"alt_text":"","src":"https:\/\/i0.wp.com\/kolajmagazine.com\/content\/wp-content\/uploads\/la-xenakiss-red-bendetta-carrelage.jpg?resize=350%2C200","width":350,"height":200,"srcset":"https:\/\/i0.wp.com\/kolajmagazine.com\/content\/wp-content\/uploads\/la-xenakiss-red-bendetta-carrelage.jpg?resize=350%2C200 1x, https:\/\/i0.wp.com\/kolajmagazine.com\/content\/wp-content\/uploads\/la-xenakiss-red-bendetta-carrelage.jpg?resize=525%2C300 1.5x, https:\/\/i0.wp.com\/kolajmagazine.com\/content\/wp-content\/uploads\/la-xenakiss-red-bendetta-carrelage.jpg?resize=700%2C400 2x"},"classes":[]},{"id":3173,"url":"http:\/\/kolajmagazine.com\/content\/content\/articles\/papier-14-simon-hughes-galerie-division\/","url_meta":{"origin":4418,"position":4},"title":"Papier 14 Montreal: Simon Hughes at Galerie Division","author":"Christopher Byrne","date":"1 September 2014","format":"gallery","excerpt":"Enigma of the Woodpile by Simon Hughes 38\"x58\" watercolour, ink, and collage on paper 2014 Galerie Division, Montreal From April 24 to 27, 2014, Montreal's Contemporary Art Galleries Association (AGAC) presented the 7th edition of its Papier art fair, an annual event dedicated to works on all forms of paper.\u2026","rel":"","context":"In &quot;Articles&quot;","block_context":{"text":"Articles","link":"http:\/\/kolajmagazine.com\/content\/category\/content\/articles\/"},"img":{"alt_text":"","src":"https:\/\/i0.wp.com\/kolajmagazine.com\/content\/wp-content\/uploads\/simon-hughes-enigma-of-the-woodpile-at-galerie-division.jpg?resize=350%2C200","width":350,"height":200,"srcset":"https:\/\/i0.wp.com\/kolajmagazine.com\/content\/wp-content\/uploads\/simon-hughes-enigma-of-the-woodpile-at-galerie-division.jpg?resize=350%2C200 1x, https:\/\/i0.wp.com\/kolajmagazine.com\/content\/wp-content\/uploads\/simon-hughes-enigma-of-the-woodpile-at-galerie-division.jpg?resize=525%2C300 1.5x, https:\/\/i0.wp.com\/kolajmagazine.com\/content\/wp-content\/uploads\/simon-hughes-enigma-of-the-woodpile-at-galerie-division.jpg?resize=700%2C400 2x"},"classes":[]},{"id":3355,"url":"http:\/\/kolajmagazine.com\/content\/content\/collage-events\/kolaj-expozine-2014-montreal\/","url_meta":{"origin":4418,"position":5},"title":"Kolaj at Expozine 2014 in Montreal","author":"Christopher Byrne","date":"9 November 2014","format":"gallery","excerpt":"Kolaj Magazine is participating in its third\u00a0Expozine in Montreal, 15-16 November. Expozine is one of the largest small press, comic and 'zine fairs in North America. This will be Kolaj's third Expozine and the first one where Kolaj has its own table. Expozine, Montreal\u2019s annual small press, comic and 'zine\u2026","rel":"","context":"In &quot;Events&quot;","block_context":{"text":"Events","link":"http:\/\/kolajmagazine.com\/content\/category\/content\/collage-events\/"},"img":{"alt_text":"","src":"https:\/\/i0.wp.com\/kolajmagazine.com\/content\/wp-content\/uploads\/image-for-kolaj-offer1.jpg?resize=350%2C200","width":350,"height":200,"srcset":"https:\/\/i0.wp.com\/kolajmagazine.com\/content\/wp-content\/uploads\/image-for-kolaj-offer1.jpg?resize=350%2C200 1x, https:\/\/i0.wp.com\/kolajmagazine.com\/content\/wp-content\/uploads\/image-for-kolaj-offer1.jpg?resize=525%2C300 1.5x, https:\/\/i0.wp.com\/kolajmagazine.com\/content\/wp-content\/uploads\/image-for-kolaj-offer1.jpg?resize=700%2C400 2x"},"classes":[]}],"_links":{"self":[{"href":"http:\/\/kolajmagazine.com\/content\/wp-json\/wp\/v2\/posts\/4418"}],"collection":[{"href":"http:\/\/kolajmagazine.com\/content\/wp-json\/wp\/v2\/posts"}],"about":[{"href":"http:\/\/kolajmagazine.com\/content\/wp-json\/wp\/v2\/types\/post"}],"author":[{"embeddable":true,"href":"http:\/\/kolajmagazine.com\/content\/wp-json\/wp\/v2\/users\/6"}],"replies":[{"embeddable":true,"href":"http:\/\/kolajmagazine.com\/content\/wp-json\/wp\/v2\/comments?post=4418"}],"version-history":[{"count":0,"href":"http:\/\/kolajmagazine.com\/content\/wp-json\/wp\/v2\/posts\/4418\/revisions"}],"wp:featuredmedia":[{"embeddable":true,"href":"http:\/\/kolajmagazine.com\/content\/wp-json\/wp\/v2\/media\/4419"}],"wp:attachment":[{"href":"http:\/\/kolajmagazine.com\/content\/wp-json\/wp\/v2\/media?parent=4418"}],"wp:term":[{"taxonomy":"category","embeddable":true,"href":"http:\/\/kolajmagazine.com\/content\/wp-json\/wp\/v2\/categories?post=4418"},{"taxonomy":"post_tag","embeddable":true,"href":"http:\/\/kolajmagazine.com\/content\/wp-json\/wp\/v2\/tags?post=4418"}],"curies":[{"name":"wp","href":"https:\/\/api.w.org\/{rel}","templated":true}]}}