{"id":4437,"date":"2015-12-10T21:45:50","date_gmt":"2015-12-11T02:45:50","guid":{"rendered":"http:\/\/kolajmagazine.com\/content\/?p=4437"},"modified":"2015-12-10T21:50:11","modified_gmt":"2015-12-11T02:50:11","slug":"50x70-at-mini-galerie","status":"publish","type":"post","link":"http:\/\/kolajmagazine.com\/content\/content\/collage-exhibitions\/50x70-at-mini-galerie\/","title":{"rendered":"50&#215;70 at Mini Galerie"},"content":{"rendered":"<p><img decoding=\"async\" loading=\"lazy\" class=\"alignnone size-full wp-image-4448\" src=\"http:\/\/kolajmagazine.com\/content\/wp-content\/uploads\/Ekta-at-Mini-Galerie.jpg\" alt=\"Ekta-at-Mini-Galerie\" width=\"700\" height=\"467\" srcset=\"http:\/\/kolajmagazine.com\/content\/wp-content\/uploads\/Ekta-at-Mini-Galerie.jpg 700w, http:\/\/kolajmagazine.com\/content\/wp-content\/uploads\/Ekta-at-Mini-Galerie-300x200.jpg 300w, http:\/\/kolajmagazine.com\/content\/wp-content\/uploads\/Ekta-at-Mini-Galerie-600x400.jpg 600w, http:\/\/kolajmagazine.com\/content\/wp-content\/uploads\/Ekta-at-Mini-Galerie-560x374.jpg 560w, http:\/\/kolajmagazine.com\/content\/wp-content\/uploads\/Ekta-at-Mini-Galerie-260x173.jpg 260w, http:\/\/kolajmagazine.com\/content\/wp-content\/uploads\/Ekta-at-Mini-Galerie-160x107.jpg 160w\" sizes=\"(max-width: 700px) 100vw, 700px\" \/><\/p>\n<h2>&#8220;50&#215;70:\u00a0a duo exhibition by Ekta &amp; Eric Magassa&#8221;<br \/>\n5 December 2015-16 January 2016<\/h2>\n<p>For the last show of 2015, the Mini Galerie invited Ekta and Eric Magassa to work as an occasional artistic duo to explore their common influences and shared practices to encourage, critique and inspire one another. The result is a visual manifestation of the dialogue between Ekta and Eric Magassa in a strict self-imposed fifty by seventy centimeter format. The exhibition contains both individual and collaborative works within one space and without individual sections.<\/p>\n<p><img decoding=\"async\" loading=\"lazy\" class=\"alignnone size-full wp-image-4450\" src=\"http:\/\/kolajmagazine.com\/content\/wp-content\/uploads\/Mini-Galerie-EKTA-and-Magassa.jpg\" alt=\"Mini-Galerie-EKTA-and-Magassa\" width=\"700\" height=\"491\" srcset=\"http:\/\/kolajmagazine.com\/content\/wp-content\/uploads\/Mini-Galerie-EKTA-and-Magassa.jpg 700w, http:\/\/kolajmagazine.com\/content\/wp-content\/uploads\/Mini-Galerie-EKTA-and-Magassa-300x210.jpg 300w, http:\/\/kolajmagazine.com\/content\/wp-content\/uploads\/Mini-Galerie-EKTA-and-Magassa-600x421.jpg 600w, http:\/\/kolajmagazine.com\/content\/wp-content\/uploads\/Mini-Galerie-EKTA-and-Magassa-560x393.jpg 560w, http:\/\/kolajmagazine.com\/content\/wp-content\/uploads\/Mini-Galerie-EKTA-and-Magassa-260x182.jpg 260w, http:\/\/kolajmagazine.com\/content\/wp-content\/uploads\/Mini-Galerie-EKTA-and-Magassa-160x112.jpg 160w\" sizes=\"(max-width: 700px) 100vw, 700px\" \/><\/p>\n<p>Ekta, also known as Daniel G\u00f6tesson, currently lives and works in Gothenburg, Sweden. He previously lived in London, where he earned a degree in illustration at the London College of Communication. Ekta\u2019s large-scale mural paintings in his trademark bold colour palette can be found all over Europe and his editorial illustrations are published by various magazines worldwide, like <em>The New York Times<\/em>.<\/p>\n<p>Eric Magassa spent most of his youth moving back and forth between Gothenburg and Paris with his Swedish mother and French father of\u00a0Senegalese and Malian descent. As a student, Magassa subsequently lived in London and New York to study at Central Saint Martins and The Art Students League of New York. His works stem from experiments with different media ranging from paintings to drawings, sculptures, collages, videos and textiles.<\/p>\n<p>(text adapted from the gallery&#8217;s press materials)<\/p>\n<hr \/>\n<h3>INFORMATION<\/h3>\n<p><strong>Mini Galerie<\/strong><br \/>\nKinkerstraat 12A<br \/>\n1053 DT Amsterdam, The Netherlands<br \/>\n+31 (0) 641102284<\/p>\n<p>Hours:<br \/>\nWednesday-Saturday, Noon-6PM<br \/>\nand by appointment<\/p>\n<p><a href=\"https:\/\/www.google.ca\/maps\/place\/Mini+Galerie\/@52.368322,4.875446,17z\/data=!3m1!4b1!4m2!3m1!1s0x47c609ecb00fc74b:0xfb72aa74bd178466\" target=\"_blank\">MAP<\/a> | <a href=\"http:\/\/www.minigalerie.nl\" target=\"_blank\">WEBSITE<\/a>\u00a0|<a href=\"https:\/\/www.facebook.com\/minigalerieamsterdam\" target=\"_blank\">FACEBOOK<\/a><\/p>\n<p><strong>Image (top):<\/strong><br \/>\nEkta at Mini Galerie<\/p>\n<p><strong>Images (centre):<\/strong><br \/>\nuntitled works by Ekta (left) and Eric Magassa (right)<br \/>\nImages courtesy of Mini Galerie, Amsterdam<\/p>\n","protected":false},"excerpt":{"rendered":"<p>&#8220;50&#215;70:\u00a0a duo exhibition by Ekta &amp; Eric Magassa&#8221; 5 December 2015-16 January 2016 For the last show of 2015, the Mini Galerie invited Ekta and Eric Magassa to work as an occasional artistic duo to explore their common influences and&hellip;<\/p>\n<p class=\"more-link-p\"><a class=\"more-link\" href=\"http:\/\/kolajmagazine.com\/content\/content\/collage-exhibitions\/50x70-at-mini-galerie\/\">Read more &rarr;<\/a><\/p>\n","protected":false},"author":6,"featured_media":4448,"comment_status":"closed","ping_status":"closed","sticky":false,"template":"","format":"gallery","meta":{"jetpack_post_was_ever_published":false,"_jetpack_newsletter_access":"","footnotes":""},"categories":[11],"tags":[],"jetpack_featured_media_url":"http:\/\/kolajmagazine.com\/content\/wp-content\/uploads\/Ekta-at-Mini-Galerie.jpg","jetpack_shortlink":"https:\/\/wp.me\/p2QTD7-19z","jetpack_sharing_enabled":true,"jetpack_likes_enabled":true,"jetpack-related-posts":[{"id":3309,"url":"http:\/\/kolajmagazine.com\/content\/content\/collage-exhibitions\/uncovered-mini-galerie\/","url_meta":{"origin":4437,"position":0},"title":"Uncovered: The Art of the Album Cover at Mini Galerie","author":"Christopher Byrne","date":"27 October 2014","format":"gallery","excerpt":"15 October-8 November 2014 \"Uncovered: The Art of the Album Cover\" For decades, visual artists have been creating art for record covers. By the virtue of these artists, the album cover evolved from a plain package to an object of desire in its own right. The cover design has become\u2026","rel":"","context":"In &quot;Exhibitions&quot;","block_context":{"text":"Exhibitions","link":"http:\/\/kolajmagazine.com\/content\/category\/content\/collage-exhibitions\/"},"img":{"alt_text":"","src":"https:\/\/i0.wp.com\/kolajmagazine.com\/content\/wp-content\/uploads\/graphic-surgery-100DSR.jpg?resize=350%2C200","width":350,"height":200,"srcset":"https:\/\/i0.wp.com\/kolajmagazine.com\/content\/wp-content\/uploads\/graphic-surgery-100DSR.jpg?resize=350%2C200 1x, https:\/\/i0.wp.com\/kolajmagazine.com\/content\/wp-content\/uploads\/graphic-surgery-100DSR.jpg?resize=525%2C300 1.5x, https:\/\/i0.wp.com\/kolajmagazine.com\/content\/wp-content\/uploads\/graphic-surgery-100DSR.jpg?resize=700%2C400 2x"},"classes":[]},{"id":2273,"url":"http:\/\/kolajmagazine.com\/content\/content\/collage-exhibitions\/col-la-ge-mini-galerie\/","url_meta":{"origin":4437,"position":1},"title":"&#8220;Col.la.ge&#8221; at Mini | galerie in Amsterdam","author":"Christopher Byrne","date":"13 September 2013","format":false,"excerpt":"14-28 September 2013 The \"Col.la.ge\" exhibition presents an overview of collage art by 19 young and upcoming artists both national and international.","rel":"","context":"In &quot;Exhibitions&quot;","block_context":{"text":"Exhibitions","link":"http:\/\/kolajmagazine.com\/content\/category\/content\/collage-exhibitions\/"},"img":{"alt_text":"","src":"https:\/\/i0.wp.com\/kolajmagazine.com\/content\/wp-content\/uploads\/Jeroen-Erosie_Pattern-Formation_Web-2.jpg?resize=350%2C200","width":350,"height":200},"classes":[]},{"id":5101,"url":"http:\/\/kolajmagazine.com\/content\/content\/collage-exhibitions\/metamorphoseon-at-galerie-mile-end-ameart\/","url_meta":{"origin":4437,"position":2},"title":"Metamorphoseon at Galerie Mile-End \u00c2meArt","author":"Christopher Byrne","date":"4 August 2016","format":"gallery","excerpt":"\"Metamorphoseon\" 8-14 August 2016 Opening reception: Tuesday, 9 August, 5-11PM. Kolaj will be there! \"Metamorphoseon\" is a colourful exhibition that brings together the work of 18 Quebec artists with diverse approaches to collage-making. Participating artists: Marie-Jos\u00e9e Alfaro Ledoux, Danielle B\u00e9dard, Jerome Bertrand, V\u00e9ronique Boissono, Eric Bra\u00fcn, Clara B. Turcotte, Catherine\u2026","rel":"","context":"In &quot;Exhibitions&quot;","block_context":{"text":"Exhibitions","link":"http:\/\/kolajmagazine.com\/content\/category\/content\/collage-exhibitions\/"},"img":{"alt_text":"","src":"https:\/\/i0.wp.com\/kolajmagazine.com\/content\/wp-content\/uploads\/detail2-jerome-bertrand-interpretation-of-dreams.jpg?resize=350%2C200","width":350,"height":200,"srcset":"https:\/\/i0.wp.com\/kolajmagazine.com\/content\/wp-content\/uploads\/detail2-jerome-bertrand-interpretation-of-dreams.jpg?resize=350%2C200 1x, https:\/\/i0.wp.com\/kolajmagazine.com\/content\/wp-content\/uploads\/detail2-jerome-bertrand-interpretation-of-dreams.jpg?resize=525%2C300 1.5x, https:\/\/i0.wp.com\/kolajmagazine.com\/content\/wp-content\/uploads\/detail2-jerome-bertrand-interpretation-of-dreams.jpg?resize=700%2C400 2x"},"classes":[]},{"id":1298,"url":"http:\/\/kolajmagazine.com\/content\/content\/collage-exhibitions\/seuls-quelques-fragments-de-nous-at-galerie-thaddaeus-ropac\/","url_meta":{"origin":4437,"position":3},"title":"&#8220;Seuls quelques fragments de nous&#8221; at Galerie Thaddaeus Ropac","author":"Christopher Byrne","date":"12 January 2013","format":false,"excerpt":"30 November 2012-19 January 2013 Covering twenty years of artistic practice, from the nineties until today, the works featured in the exhibition are all related to collage, montage and fragmentation. The display is itself conceived as a collage in space by the juxtaposition of several mediums, the superimposition of works,\u2026","rel":"","context":"In &quot;Exhibitions&quot;","block_context":{"text":"Exhibitions","link":"http:\/\/kolajmagazine.com\/content\/category\/content\/collage-exhibitions\/"},"img":{"alt_text":"","src":"https:\/\/i0.wp.com\/kolajmagazine.com\/content\/wp-content\/uploads\/COLLAGES_VIEWS_M_72dpi-web.jpg?resize=350%2C200","width":350,"height":200},"classes":[]},{"id":8006,"url":"http:\/\/kolajmagazine.com\/content\/content\/collage-exhibitions\/pieces\/","url_meta":{"origin":4437,"position":4},"title":"Pieces","author":"Christopher Byrne","date":"30 March 2019","format":"gallery","excerpt":"COLLAGE ON VIEW Jakob Kolding: Pieces at Galerie Martin Janda in Vienna, Austria 8 March-20 April 2019 Building on Kolding's interest in constructing identities, \"Pieces\" brings together a wide range of visual narratives converging on continuous negotiations between individual and society. The concept of symbiosis plays a key role in\u2026","rel":"","context":"In &quot;Exhibitions&quot;","block_context":{"text":"Exhibitions","link":"http:\/\/kolajmagazine.com\/content\/category\/content\/collage-exhibitions\/"},"img":{"alt_text":"","src":"https:\/\/i0.wp.com\/kolajmagazine.com\/content\/wp-content\/uploads\/jakob-kolding-pieces.jpg?resize=350%2C200","width":350,"height":200,"srcset":"https:\/\/i0.wp.com\/kolajmagazine.com\/content\/wp-content\/uploads\/jakob-kolding-pieces.jpg?resize=350%2C200 1x, https:\/\/i0.wp.com\/kolajmagazine.com\/content\/wp-content\/uploads\/jakob-kolding-pieces.jpg?resize=525%2C300 1.5x, https:\/\/i0.wp.com\/kolajmagazine.com\/content\/wp-content\/uploads\/jakob-kolding-pieces.jpg?resize=700%2C400 2x"},"classes":[]},{"id":4980,"url":"http:\/\/kolajmagazine.com\/content\/content\/collage-exhibitions\/artefact-at-galerie-atelier-bletterie\/","url_meta":{"origin":4437,"position":5},"title":"Artefact at Galerie &#8220;Atelier Bletterie&#8221;","author":"Christopher Byrne","date":"29 June 2016","format":"gallery","excerpt":"\"Artefact\": Flore Kunst 24 June-9 July 2016 Prolific French collagiste Flore Kunst presents new original collages and photomontage in \"Artefact\" at Galerie \"Atelier Bletterie\" in La Rochelle. Flore Kunst lives and works in Lyon, France.\u00a0A 1999 graduate of the Ecole Emile Cohl, she has worked in various areas related to\u2026","rel":"","context":"In &quot;Exhibitions&quot;","block_context":{"text":"Exhibitions","link":"http:\/\/kolajmagazine.com\/content\/category\/content\/collage-exhibitions\/"},"img":{"alt_text":"","src":"https:\/\/i0.wp.com\/kolajmagazine.com\/content\/wp-content\/uploads\/flore-kunst-artefact.jpg?resize=350%2C200","width":350,"height":200,"srcset":"https:\/\/i0.wp.com\/kolajmagazine.com\/content\/wp-content\/uploads\/flore-kunst-artefact.jpg?resize=350%2C200 1x, https:\/\/i0.wp.com\/kolajmagazine.com\/content\/wp-content\/uploads\/flore-kunst-artefact.jpg?resize=525%2C300 1.5x, https:\/\/i0.wp.com\/kolajmagazine.com\/content\/wp-content\/uploads\/flore-kunst-artefact.jpg?resize=700%2C400 2x"},"classes":[]}],"_links":{"self":[{"href":"http:\/\/kolajmagazine.com\/content\/wp-json\/wp\/v2\/posts\/4437"}],"collection":[{"href":"http:\/\/kolajmagazine.com\/content\/wp-json\/wp\/v2\/posts"}],"about":[{"href":"http:\/\/kolajmagazine.com\/content\/wp-json\/wp\/v2\/types\/post"}],"author":[{"embeddable":true,"href":"http:\/\/kolajmagazine.com\/content\/wp-json\/wp\/v2\/users\/6"}],"replies":[{"embeddable":true,"href":"http:\/\/kolajmagazine.com\/content\/wp-json\/wp\/v2\/comments?post=4437"}],"version-history":[{"count":0,"href":"http:\/\/kolajmagazine.com\/content\/wp-json\/wp\/v2\/posts\/4437\/revisions"}],"wp:featuredmedia":[{"embeddable":true,"href":"http:\/\/kolajmagazine.com\/content\/wp-json\/wp\/v2\/media\/4448"}],"wp:attachment":[{"href":"http:\/\/kolajmagazine.com\/content\/wp-json\/wp\/v2\/media?parent=4437"}],"wp:term":[{"taxonomy":"category","embeddable":true,"href":"http:\/\/kolajmagazine.com\/content\/wp-json\/wp\/v2\/categories?post=4437"},{"taxonomy":"post_tag","embeddable":true,"href":"http:\/\/kolajmagazine.com\/content\/wp-json\/wp\/v2\/tags?post=4437"}],"curies":[{"name":"wp","href":"https:\/\/api.w.org\/{rel}","templated":true}]}}