{"id":6827,"date":"2018-04-15T18:40:14","date_gmt":"2018-04-15T22:40:14","guid":{"rendered":"http:\/\/kolajmagazine.com\/content\/?p=6827"},"modified":"2018-04-15T18:42:12","modified_gmt":"2018-04-15T22:42:12","slug":"delicacy","status":"publish","type":"post","link":"http:\/\/kolajmagazine.com\/content\/content\/collage-exhibitions\/delicacy\/","title":{"rendered":"Delicacy"},"content":{"rendered":"<p><img decoding=\"async\" loading=\"lazy\" class=\"alignnone size-full wp-image-6828\" src=\"http:\/\/kolajmagazine.com\/content\/wp-content\/uploads\/cory-munro-shea-worry-dolls.jpg\" alt=\"\" width=\"700\" height=\"700\" srcset=\"http:\/\/kolajmagazine.com\/content\/wp-content\/uploads\/cory-munro-shea-worry-dolls.jpg 700w, http:\/\/kolajmagazine.com\/content\/wp-content\/uploads\/cory-munro-shea-worry-dolls-300x300.jpg 300w, http:\/\/kolajmagazine.com\/content\/wp-content\/uploads\/cory-munro-shea-worry-dolls-600x600.jpg 600w, http:\/\/kolajmagazine.com\/content\/wp-content\/uploads\/cory-munro-shea-worry-dolls-560x560.jpg 560w, http:\/\/kolajmagazine.com\/content\/wp-content\/uploads\/cory-munro-shea-worry-dolls-260x260.jpg 260w, http:\/\/kolajmagazine.com\/content\/wp-content\/uploads\/cory-munro-shea-worry-dolls-160x160.jpg 160w\" sizes=\"(max-width: 700px) 100vw, 700px\" \/><\/p>\n<p>COLLAGE ON VIEW<\/p>\n<h2>Delicacy<br \/>\nat Galatea Fine Art in Boston, Massachusetts, USA<br \/>\n4-29 April 2018<\/h2>\n<p>&#8220;Delicacy&#8221; is a multidisciplinary exhibition showcasing the work of five New England mixed media artists. Each artist explores ideas of intimacy, while delicately applied techniques resonate in the work. In addition to woven expressions of elegance, the work simultaneously asserts an undeniable vigor.<\/p>\n<p>One of many shared trends throughout the artists\u2019 work is their inspiration for subject matter&#8211;the intimacy of their personal beliefs and histories. Another commonality is their attention to identity within society. The execution of delicate techniques are evident in the artists\u2019 process and exploration of the picture plane. Whether the works are digital images, collage, drawings, or sculpture, each piece holds the essence of fragility and vulnerability.<\/p>\n<p><strong>Cory Munro Shea<\/strong> refers to this body of work as her &#8220;Worry Dolls&#8221;. Her work expresses her lifelong experience with anxiety while trying to fall asleep at night. Her use of images intertwining with one another symbolizes the sensitive and delicate conversations one has with themselves when spiraling through these recurring feelings and emotions. Ultimately the final images exude strength by expressing these moments of vulnerability through bold and impeccable composition choices.<\/p>\n<p><strong>Jenny Brown<\/strong> creates works on paper, inventing a mythical world of sea creatures and forests that come alive. Her love of paper ephemera and detailed line work is apparent throughout her drawings and collages. Her recent work focuses on representing decorative harmonies in elements such as flora, fauna, sky and sea. The use of florals in the work bestows heartfelt emotions, while the objects and creatures extended branches and tentacles conjure feelings of strength and growth.<\/p>\n<p><img decoding=\"async\" loading=\"lazy\" class=\"alignnone size-full wp-image-6829\" src=\"http:\/\/kolajmagazine.com\/content\/wp-content\/uploads\/susan-emmerson-sleep-in-the-storm.jpg\" alt=\"\" width=\"700\" height=\"467\" srcset=\"http:\/\/kolajmagazine.com\/content\/wp-content\/uploads\/susan-emmerson-sleep-in-the-storm.jpg 700w, http:\/\/kolajmagazine.com\/content\/wp-content\/uploads\/susan-emmerson-sleep-in-the-storm-300x200.jpg 300w, http:\/\/kolajmagazine.com\/content\/wp-content\/uploads\/susan-emmerson-sleep-in-the-storm-600x400.jpg 600w, http:\/\/kolajmagazine.com\/content\/wp-content\/uploads\/susan-emmerson-sleep-in-the-storm-560x374.jpg 560w, http:\/\/kolajmagazine.com\/content\/wp-content\/uploads\/susan-emmerson-sleep-in-the-storm-260x173.jpg 260w, http:\/\/kolajmagazine.com\/content\/wp-content\/uploads\/susan-emmerson-sleep-in-the-storm-160x107.jpg 160w\" sizes=\"(max-width: 700px) 100vw, 700px\" \/><\/p>\n<p><strong>Susan Emmerson<\/strong>\u2019s work is an exploration of the picture plane; delving into a three-dimensional surface created in an unpredictable method. Emmerson works in Tyvek and gains sculptural strength through methods of heating, sanding, cutting, and gluing. Emmerson, a full-time artist, was previously a brilliant surgeon for many years. As an artist, she penetrates these surfaces to expose its curiosities, akin to a surgeon penetrating the skin. Her work also recalls cells and microorganisms, body cavities and organs, and bits and pieces of the natural environment.<\/p>\n<p><strong>Stephanie Todhunter<\/strong> is a mixed media artist who uses plaster, alcohol inks, and dolls from the 1970s to capture the lost-in-place feeling of the \u201clatchkey kid\u201d generation. The \u201cLatchkey Kids\u201d doll portraits are pushed into self-reliance as each girl is individual yet trapped in limbo, represented by the originally vibrant colors now faded and blurred.<\/p>\n<p><strong>Daniel Zeese<\/strong>\u2019s work explores populations, belonging, and identity within an urban environment, investigating what it means to be within a civilization yet on the edge of the wild. Common themes in his work include animals, such as a deer; a recognizable and glorified icon that represents both elegance and fear as well as misunderstanding in an urban environment. Adding textiles to the animal serves as clothing, adding personification, while also acting like a shield for the observer. This juxtaposition also refers to the dichotomy of grace and strength of the animal. An avid animal lover and vegetarian Zeese brings a beautiful honor to his taxidermy deer heads, glorifying their strength and his appreciation.<\/p>\n<p>(adapted from the gallery&#8217;s and artist&#8217;s press materials)<\/p>\n<hr \/>\n<h3>INFORMATION<\/h3>\n<p><strong>Galatea Fine Art<\/strong><br \/>\n460B Harrison Avenue<br \/>\nBoston, Massachusetts 02118<br \/>\n(617) 542-1500<\/p>\n<p><strong>Hours:<\/strong><br \/>\nWednesday-Sunday, Noon-5PM<\/p>\n<p><a href=\"https:\/\/www.google.ca\/maps\/place\/Galatea+Gallery\/@42.3425498,-71.0653567,15z\/data=!4m2!3m1!1s0x0:0x786a1b77beae76a9?sa=X&amp;ved=0ahUKEwieiN7dq73aAhVroFkKHUDcDzMQ_BIIggEwEg\" target=\"_blank\" rel=\"noopener\">MAP<\/a> | <a href=\"https:\/\/www.galateafineart.com\/\" target=\"_blank\" rel=\"noopener\">WEBSITE<\/a> | <a href=\"https:\/\/www.facebook.com\/Galatea-Gallery-155910098789\/\">FACEBOOK<\/a><\/p>\n<p><strong>Image: (top)<\/strong><br \/>\n<em>Worry Dolls I<\/em><br \/>\nby Cory Munro Shea<br \/>\n10&#8243;x10&#8243;<br \/>\narchival digital print, gold leaf, glitter<\/p>\n<p><strong>Image: (centre)<\/strong><br \/>\n<em>For Sleep in the Storm<\/em><br \/>\nby Susan Emmerson<br \/>\nacrylic, painted and molded Tyvek<br \/>\n2016<\/p>\n<p>Images courtesy of Galatea Fine Art, Boston<\/p>\n","protected":false},"excerpt":{"rendered":"<p>COLLAGE ON VIEW Delicacy at Galatea Fine Art in Boston, Massachusetts, USA 4-29 April 2018 &#8220;Delicacy&#8221; is a multidisciplinary exhibition showcasing the work of five New England mixed media artists. Each artist explores ideas of intimacy, while delicately applied techniques&hellip;<\/p>\n<p class=\"more-link-p\"><a class=\"more-link\" href=\"http:\/\/kolajmagazine.com\/content\/content\/collage-exhibitions\/delicacy\/\">Read more &rarr;<\/a><\/p>\n","protected":false},"author":6,"featured_media":6828,"comment_status":"closed","ping_status":"closed","sticky":false,"template":"","format":"gallery","meta":{"jetpack_post_was_ever_published":false,"_jetpack_newsletter_access":"","footnotes":""},"categories":[11],"tags":[],"jetpack_featured_media_url":"http:\/\/kolajmagazine.com\/content\/wp-content\/uploads\/cory-munro-shea-worry-dolls.jpg","jetpack_shortlink":"https:\/\/wp.me\/s2QTD7-delicacy","jetpack_sharing_enabled":true,"jetpack_likes_enabled":true,"jetpack-related-posts":[{"id":7098,"url":"http:\/\/kolajmagazine.com\/content\/content\/collage-exhibitions\/paper-cuts-large-scale-collage\/","url_meta":{"origin":6827,"position":0},"title":"Paper Cuts: Large-Scale Collage","author":"Christopher Byrne","date":"14 June 2018","format":"gallery","excerpt":"COLLAGE ON VIEW Paper Cuts: Large-Scale Collage at Palo Alto Art Center in Palo Alto, California, USA 16 June-26 August 2018 \"Paper Cuts: Large-Scale Collage\" is part of the Palo Alto Art Center\u2019s Summer of Collage, which engages the community in exploring the creative potential of this dynamic medium. Through\u2026","rel":"","context":"In &quot;Exhibitions&quot;","block_context":{"text":"Exhibitions","link":"http:\/\/kolajmagazine.com\/content\/category\/content\/collage-exhibitions\/"},"img":{"alt_text":"","src":"https:\/\/i0.wp.com\/kolajmagazine.com\/content\/wp-content\/uploads\/EfrenAve-Complement-web-1.jpg?resize=350%2C200","width":350,"height":200,"srcset":"https:\/\/i0.wp.com\/kolajmagazine.com\/content\/wp-content\/uploads\/EfrenAve-Complement-web-1.jpg?resize=350%2C200 1x, https:\/\/i0.wp.com\/kolajmagazine.com\/content\/wp-content\/uploads\/EfrenAve-Complement-web-1.jpg?resize=525%2C300 1.5x, https:\/\/i0.wp.com\/kolajmagazine.com\/content\/wp-content\/uploads\/EfrenAve-Complement-web-1.jpg?resize=700%2C400 2x"},"classes":[]},{"id":10063,"url":"http:\/\/kolajmagazine.com\/content\/content\/collage-exhibitions\/vestiges\/","url_meta":{"origin":6827,"position":1},"title":"Vestiges","author":"Christopher Byrne","date":"7 September 2020","format":"gallery","excerpt":"Form Study 12 by Vanessa Woods12\"x9\"; collage; 2020. Courtesy of the artist. COLLAGE ON VIEW Vestiges at Jack Fischer Gallery in San Francisco, California, USA5 September-17 October 2020 \"Vestiges\" is an exhibition by married artists Vanessa Woods and Josh Smith, who explore the complicated dynamics of abstraction, intimacy and the\u2026","rel":"","context":"In &quot;Exhibitions&quot;","block_context":{"text":"Exhibitions","link":"http:\/\/kolajmagazine.com\/content\/category\/content\/collage-exhibitions\/"},"img":{"alt_text":"","src":"https:\/\/i0.wp.com\/kolajmagazine.com\/content\/wp-content\/uploads\/vanessa-woods-form-study-12.jpg?resize=350%2C200","width":350,"height":200,"srcset":"https:\/\/i0.wp.com\/kolajmagazine.com\/content\/wp-content\/uploads\/vanessa-woods-form-study-12.jpg?resize=350%2C200 1x, https:\/\/i0.wp.com\/kolajmagazine.com\/content\/wp-content\/uploads\/vanessa-woods-form-study-12.jpg?resize=525%2C300 1.5x, https:\/\/i0.wp.com\/kolajmagazine.com\/content\/wp-content\/uploads\/vanessa-woods-form-study-12.jpg?resize=700%2C400 2x"},"classes":[]},{"id":987,"url":"http:\/\/kolajmagazine.com\/content\/content\/collage-exhibitions\/collagerie-at-the-stew-gallery\/","url_meta":{"origin":6827,"position":2},"title":"&#8220;Collagerie&#8221; at the STEW Gallery","author":"Christopher Byrne","date":"13 November 2012","format":false,"excerpt":"10-16 November 2012 Collagerie 2012 celebrates collage art and the individual styles of contemporary artists using traditional cut and paste techniques.","rel":"","context":"In &quot;Exhibitions&quot;","block_context":{"text":"Exhibitions","link":"http:\/\/kolajmagazine.com\/content\/category\/content\/collage-exhibitions\/"},"img":{"alt_text":"","src":"https:\/\/i0.wp.com\/kolajmagazine.com\/content\/wp-content\/uploads\/beneWEB.jpg?resize=350%2C200","width":350,"height":200},"classes":[]},{"id":2428,"url":"http:\/\/kolajmagazine.com\/content\/content\/collage-exhibitions\/swept-away-mly-gallery\/","url_meta":{"origin":6827,"position":3},"title":"&#8220;Swept Away&#8221;: Collage Artists of America at MLY Gallery, Malibu","author":"Christopher Byrne","date":"11 November 2013","format":"gallery","excerpt":"23 October-17 November 2013 \"Swept Away\": Collage Artists of America Fall 2013 Exhibit This exhibit features artists who are engaged with fresh and thought provoking\u00a0ideas that embody the theme of \u201cSwept Away.\u201d The artists\u2019 approach to\u00a0collage makes for a compelling display of collage and assemblage in\u00a0both 2-D and 3-D works\u2026","rel":"","context":"In &quot;Exhibitions&quot;","block_context":{"text":"Exhibitions","link":"http:\/\/kolajmagazine.com\/content\/category\/content\/collage-exhibitions\/"},"img":{"alt_text":"","src":"https:\/\/i0.wp.com\/kolajmagazine.com\/content\/wp-content\/uploads\/HarriettLahana-web.jpg?resize=350%2C200","width":350,"height":200,"srcset":"https:\/\/i0.wp.com\/kolajmagazine.com\/content\/wp-content\/uploads\/HarriettLahana-web.jpg?resize=350%2C200 1x, https:\/\/i0.wp.com\/kolajmagazine.com\/content\/wp-content\/uploads\/HarriettLahana-web.jpg?resize=525%2C300 1.5x"},"classes":[]},{"id":5724,"url":"http:\/\/kolajmagazine.com\/content\/content\/collage-exhibitions\/atlanta-collage-societys-adhesives\/","url_meta":{"origin":6827,"position":4},"title":"Atlanta Collage Society&#8217;s &#8220;Adhesives&#8221;","author":"Christopher Byrne","date":"23 March 2017","format":"gallery","excerpt":"Atlanta Collage Society: \"Adhesives\" 2 March-30 April 2017 \u201cWe are calling this show 'Adhesives' to highlight the basic element of collage, which is glue, and that as artists we are connected to one another through the shared bonds of originality and creativity, individuality and diversity,\u201d said Ellen Kierr Stein, president\u2026","rel":"","context":"In &quot;Exhibitions&quot;","block_context":{"text":"Exhibitions","link":"http:\/\/kolajmagazine.com\/content\/category\/content\/collage-exhibitions\/"},"img":{"alt_text":"","src":"https:\/\/i0.wp.com\/kolajmagazine.com\/content\/wp-content\/uploads\/Arlene-Brass-Tea-is-a-Cup-of-Life-web.jpg?resize=350%2C200","width":350,"height":200,"srcset":"https:\/\/i0.wp.com\/kolajmagazine.com\/content\/wp-content\/uploads\/Arlene-Brass-Tea-is-a-Cup-of-Life-web.jpg?resize=350%2C200 1x, https:\/\/i0.wp.com\/kolajmagazine.com\/content\/wp-content\/uploads\/Arlene-Brass-Tea-is-a-Cup-of-Life-web.jpg?resize=525%2C300 1.5x, https:\/\/i0.wp.com\/kolajmagazine.com\/content\/wp-content\/uploads\/Arlene-Brass-Tea-is-a-Cup-of-Life-web.jpg?resize=700%2C400 2x"},"classes":[]},{"id":7956,"url":"http:\/\/kolajmagazine.com\/content\/content\/collage-exhibitions\/age-of-collage-2\/","url_meta":{"origin":6827,"position":5},"title":"Age of Collage 2","author":"Christopher Byrne","date":"17 March 2019","format":"gallery","excerpt":"COLLAGE ON VIEW Age of Collage 2 at Feinkunst Kr\u00fcger in Hamburg, Germany 3-23 March 2019 Curators Dennis Busch and Ralf Kr\u00fcger present new, contemporary collage work by thirty-three international artists. This is the second time that Feinkunst Kr\u00fcger has gathered the cr\u00e8me de la cr\u00e8me of collage artists, this\u2026","rel":"","context":"In &quot;Exhibitions&quot;","block_context":{"text":"Exhibitions","link":"http:\/\/kolajmagazine.com\/content\/category\/content\/collage-exhibitions\/"},"img":{"alt_text":"","src":"https:\/\/i0.wp.com\/kolajmagazine.com\/content\/wp-content\/uploads\/valero-doval-at-feinkunst-kruger.jpg?resize=350%2C200","width":350,"height":200,"srcset":"https:\/\/i0.wp.com\/kolajmagazine.com\/content\/wp-content\/uploads\/valero-doval-at-feinkunst-kruger.jpg?resize=350%2C200 1x, https:\/\/i0.wp.com\/kolajmagazine.com\/content\/wp-content\/uploads\/valero-doval-at-feinkunst-kruger.jpg?resize=525%2C300 1.5x, https:\/\/i0.wp.com\/kolajmagazine.com\/content\/wp-content\/uploads\/valero-doval-at-feinkunst-kruger.jpg?resize=700%2C400 2x"},"classes":[]}],"_links":{"self":[{"href":"http:\/\/kolajmagazine.com\/content\/wp-json\/wp\/v2\/posts\/6827"}],"collection":[{"href":"http:\/\/kolajmagazine.com\/content\/wp-json\/wp\/v2\/posts"}],"about":[{"href":"http:\/\/kolajmagazine.com\/content\/wp-json\/wp\/v2\/types\/post"}],"author":[{"embeddable":true,"href":"http:\/\/kolajmagazine.com\/content\/wp-json\/wp\/v2\/users\/6"}],"replies":[{"embeddable":true,"href":"http:\/\/kolajmagazine.com\/content\/wp-json\/wp\/v2\/comments?post=6827"}],"version-history":[{"count":0,"href":"http:\/\/kolajmagazine.com\/content\/wp-json\/wp\/v2\/posts\/6827\/revisions"}],"wp:featuredmedia":[{"embeddable":true,"href":"http:\/\/kolajmagazine.com\/content\/wp-json\/wp\/v2\/media\/6828"}],"wp:attachment":[{"href":"http:\/\/kolajmagazine.com\/content\/wp-json\/wp\/v2\/media?parent=6827"}],"wp:term":[{"taxonomy":"category","embeddable":true,"href":"http:\/\/kolajmagazine.com\/content\/wp-json\/wp\/v2\/categories?post=6827"},{"taxonomy":"post_tag","embeddable":true,"href":"http:\/\/kolajmagazine.com\/content\/wp-json\/wp\/v2\/tags?post=6827"}],"curies":[{"name":"wp","href":"https:\/\/api.w.org\/{rel}","templated":true}]}}