{"id":5536,"date":"2017-01-08T01:36:21","date_gmt":"2017-01-08T06:36:21","guid":{"rendered":"http:\/\/kolajmagazine.com\/content\/?p=5536"},"modified":"2016-12-29T16:57:19","modified_gmt":"2016-12-29T21:57:19","slug":"lifes-specs-a-collage-journey-a-z","status":"publish","type":"post","link":"https:\/\/kolajmagazine.com\/content\/content\/collage-exhibitions\/lifes-specs-a-collage-journey-a-z\/","title":{"rendered":"Life&#8217;s Specs: A Collage Journey A-Z"},"content":{"rendered":"<p><img decoding=\"async\" loading=\"lazy\" class=\"alignnone size-full wp-image-5537\" src=\"http:\/\/kolajmagazine.com\/content\/wp-content\/uploads\/meikel-church-omnipotent.jpg\" alt=\"meikel-church-omnipotent\" width=\"700\" height=\"1055\" srcset=\"https:\/\/kolajmagazine.com\/content\/wp-content\/uploads\/meikel-church-omnipotent.jpg 700w, https:\/\/kolajmagazine.com\/content\/wp-content\/uploads\/meikel-church-omnipotent-300x452.jpg 300w, https:\/\/kolajmagazine.com\/content\/wp-content\/uploads\/meikel-church-omnipotent-600x904.jpg 600w, https:\/\/kolajmagazine.com\/content\/wp-content\/uploads\/meikel-church-omnipotent-560x844.jpg 560w, https:\/\/kolajmagazine.com\/content\/wp-content\/uploads\/meikel-church-omnipotent-260x392.jpg 260w, https:\/\/kolajmagazine.com\/content\/wp-content\/uploads\/meikel-church-omnipotent-160x241.jpg 160w\" sizes=\"(max-width: 700px) 100vw, 700px\" \/><\/p>\n<h2>&#8220;Life&#8217;s Specs: A Collage Journey A-Z&#8221;<br \/>\n19 January-28 February 2017<\/h2>\n<p>&#8220;Life&#8217;s Specs&#8221; are pieces created by Meikel S. Church with images from vintage <em>Life Magazines<\/em>. The exhibit&#8217;s purpose is to illuminate the beauty of life and humanity through celebrating everyday people doing everyday things.<\/p>\n<p>Learn more about Church&#8217;s collage at his Kolaj Artist Directory page <a href=\"http:\/\/kolajmagazine.com\/artistdirectory\/michael-church\">HERE<\/a>.<\/p>\n<p><em>(adapted from the artist&#8217;s press materials)<\/em><\/p>\n<hr \/>\n<h3>INFORMATION<\/h3>\n<p><strong>Cafe 211<\/strong><br \/>\nat the back of Three Dog Bakery<br \/>\n106 SW 2nd Street<br \/>\nBentonville, Arkansas 72712 USA<br \/>\n(479) 544-7478<\/p>\n<p>Hours:<br \/>\nMonday-Friday, 7AM-7PM<br \/>\nSaturday, 8AM-6PM<br \/>\nSunday, Noon-6PM<\/p>\n<p><a href=\"https:\/\/www.google.ca\/maps\/place\/211+Cafe\/@36.3718158,-94.20945,15z\/data=!4m2!3m1!1s0x0:0x3bed71dd4e334144?sa=X&amp;ved=0ahUKEwi4pOKDsprRAhXHx4MKHejgAe8Q_BIIbDAK\" target=\"_blank\">MAP<\/a>\u00a0| <a href=\"https:\/\/www.cafe211.com\/\">WEBSITE<\/a> |\u00a0<a href=\"https:\/\/www.facebook.com\/211CafeArk\" target=\"_blank\">FACEBOOK<\/a><\/p>\n<p><strong>Image:<\/strong><br \/>\n<em>Omnipotent<\/em><br \/>\nby Meikel S. Church<\/p>\n","protected":false},"excerpt":{"rendered":"<p>&#8220;Life&#8217;s Specs: A Collage Journey A-Z&#8221; 19 January-28 February 2017 &#8220;Life&#8217;s Specs&#8221; are pieces created by Meikel S. Church with images from vintage Life Magazines. The exhibit&#8217;s purpose is to illuminate the beauty of life and humanity through celebrating everyday&hellip;<\/p>\n<p class=\"more-link-p\"><a class=\"more-link\" href=\"https:\/\/kolajmagazine.com\/content\/content\/collage-exhibitions\/lifes-specs-a-collage-journey-a-z\/\">Read more &rarr;<\/a><\/p>\n","protected":false},"author":6,"featured_media":5537,"comment_status":"closed","ping_status":"closed","sticky":false,"template":"","format":"gallery","meta":{"jetpack_post_was_ever_published":false,"_jetpack_newsletter_access":"","footnotes":""},"categories":[11],"tags":[],"jetpack_featured_media_url":"https:\/\/kolajmagazine.com\/content\/wp-content\/uploads\/meikel-church-omnipotent.jpg","jetpack_shortlink":"https:\/\/wp.me\/p2QTD7-1ri","jetpack_sharing_enabled":true,"jetpack_likes_enabled":true,"jetpack-related-posts":[{"id":9318,"url":"https:\/\/kolajmagazine.com\/content\/content\/collage-exhibitions\/elemental-singularities\/","url_meta":{"origin":5536,"position":0},"title":"Elemental Singularities","author":"Christopher Byrne","date":"5 February 2020","format":"gallery","excerpt":"Les Ritual des Hommes by Richard Poulin 12\"x12\"; birch plywood, chipboard, printed ephemera, photographs; 2019Courtesy of the artist. COLLAGE ON VIEW Elemental Singularities at Brian Marki Fine Art Gallery in Palm Springs, California, USAJanuary 25-February 25 2020 An exhibition of mixed media collage constructions by Richard Poulin. An American designer,\u2026","rel":"","context":"In &quot;Exhibitions&quot;","block_context":{"text":"Exhibitions","link":"https:\/\/kolajmagazine.com\/content\/category\/content\/collage-exhibitions\/"},"img":{"alt_text":"","src":"https:\/\/i0.wp.com\/kolajmagazine.com\/content\/wp-content\/uploads\/richard-poulin-les-rituel-des-hommes.jpg?resize=350%2C200&ssl=1","width":350,"height":200,"srcset":"https:\/\/i0.wp.com\/kolajmagazine.com\/content\/wp-content\/uploads\/richard-poulin-les-rituel-des-hommes.jpg?resize=350%2C200&ssl=1 1x, https:\/\/i0.wp.com\/kolajmagazine.com\/content\/wp-content\/uploads\/richard-poulin-les-rituel-des-hommes.jpg?resize=525%2C300&ssl=1 1.5x, https:\/\/i0.wp.com\/kolajmagazine.com\/content\/wp-content\/uploads\/richard-poulin-les-rituel-des-hommes.jpg?resize=700%2C400&ssl=1 2x"},"classes":[]},{"id":9643,"url":"https:\/\/kolajmagazine.com\/content\/content\/collage-events\/cut-it-out-virtual-collage-with-juan-hinojosa\/","url_meta":{"origin":5536,"position":1},"title":"Cut It Out: Virtual Collage with Juan Hinojosa","author":"Christopher Byrne","date":"20 April 2020","format":"gallery","excerpt":"Juan Hinojosa's collage materials. Courtesy of the artist. COLLAGE EVENT Cut It Out: Virtual Collage with Juan Hinojosa Online at Union Collegein Schenectady, New York, USATuesday, 21 April 2020, 5-6PM EDT (2100-2200 UTC) Juan Hinojosa, the current exhibiting artist in the Art Installation Series at Union College's Schaffer Library, leads\u2026","rel":"","context":"In &quot;Events&quot;","block_context":{"text":"Events","link":"https:\/\/kolajmagazine.com\/content\/category\/content\/collage-events\/"},"img":{"alt_text":"","src":"https:\/\/i0.wp.com\/kolajmagazine.com\/content\/wp-content\/uploads\/juan-hinojosa-collage-materials.jpg?resize=350%2C200&ssl=1","width":350,"height":200,"srcset":"https:\/\/i0.wp.com\/kolajmagazine.com\/content\/wp-content\/uploads\/juan-hinojosa-collage-materials.jpg?resize=350%2C200&ssl=1 1x, https:\/\/i0.wp.com\/kolajmagazine.com\/content\/wp-content\/uploads\/juan-hinojosa-collage-materials.jpg?resize=525%2C300&ssl=1 1.5x, https:\/\/i0.wp.com\/kolajmagazine.com\/content\/wp-content\/uploads\/juan-hinojosa-collage-materials.jpg?resize=700%2C400&ssl=1 2x"},"classes":[]},{"id":8888,"url":"https:\/\/kolajmagazine.com\/content\/content\/collage-exhibitions\/bcc-2\/","url_meta":{"origin":5536,"position":2},"title":"BCC #2","author":"Christopher Byrne","date":"20 November 2019","format":"gallery","excerpt":"Fur by Bram AntheunisCourtesy of the artist. COLLAGE ON VIEW BCC #2: Coupee Collage Collective at Verbeke Foundation in Kemzeke, Belgium24 November 2019-5 April 2020 Collage art seems to have found a new breath. Young contemporary artists are using it again as an art form in itself and are experimenting\u2026","rel":"","context":"In &quot;Exhibitions&quot;","block_context":{"text":"Exhibitions","link":"https:\/\/kolajmagazine.com\/content\/category\/content\/collage-exhibitions\/"},"img":{"alt_text":"","src":"https:\/\/i0.wp.com\/kolajmagazine.com\/content\/wp-content\/uploads\/bram-antheunis-fur.jpg?resize=350%2C200&ssl=1","width":350,"height":200,"srcset":"https:\/\/i0.wp.com\/kolajmagazine.com\/content\/wp-content\/uploads\/bram-antheunis-fur.jpg?resize=350%2C200&ssl=1 1x, https:\/\/i0.wp.com\/kolajmagazine.com\/content\/wp-content\/uploads\/bram-antheunis-fur.jpg?resize=525%2C300&ssl=1 1.5x, https:\/\/i0.wp.com\/kolajmagazine.com\/content\/wp-content\/uploads\/bram-antheunis-fur.jpg?resize=700%2C400&ssl=1 2x"},"classes":[]},{"id":14787,"url":"https:\/\/kolajmagazine.com\/content\/content\/collage-exhibitions\/wunderstory\/","url_meta":{"origin":5536,"position":3},"title":"(W)understory","author":"Christopher Byrne","date":"26 January 2024","format":"gallery","excerpt":"No. 324: Whaiola! II (Play) by Michael Koppa7\"x5\"; collage; 2022. Courtesy of the artist. COLLAGE ON VIEW (W)understory at Overture Center Gallery III in Madison, Wisconsin, USA12 December 2023-10 March 2024 Beneath the thick canopy of our everyday awareness, a realm of fascination unfolds. Collagist Michael Koppa, sculptor Brian M.\u2026","rel":"","context":"In &quot;Exhibitions&quot;","block_context":{"text":"Exhibitions","link":"https:\/\/kolajmagazine.com\/content\/category\/content\/collage-exhibitions\/"},"img":{"alt_text":"","src":"https:\/\/i0.wp.com\/kolajmagazine.com\/content\/wp-content\/uploads\/micheal-koppa_whaoila-II.jpg?resize=350%2C200&ssl=1","width":350,"height":200,"srcset":"https:\/\/i0.wp.com\/kolajmagazine.com\/content\/wp-content\/uploads\/micheal-koppa_whaoila-II.jpg?resize=350%2C200&ssl=1 1x, https:\/\/i0.wp.com\/kolajmagazine.com\/content\/wp-content\/uploads\/micheal-koppa_whaoila-II.jpg?resize=525%2C300&ssl=1 1.5x, https:\/\/i0.wp.com\/kolajmagazine.com\/content\/wp-content\/uploads\/micheal-koppa_whaoila-II.jpg?resize=700%2C400&ssl=1 2x"},"classes":[]},{"id":15737,"url":"https:\/\/kolajmagazine.com\/content\/content\/collage-exhibitions\/timelines\/","url_meta":{"origin":5536,"position":4},"title":"Timelines","author":"Christopher Byrne","date":"27 August 2024","format":"gallery","excerpt":"Operation Ivy by Emily Andrews (representing the 1960s)8.7\"x10.4\"; analog collage; 2024. Courtesy of the artist. COLLAGE ON VIEW Timelines at the Niagara Artists Centre in Saint Catharines, Ontario, Canada14 September-5 October 2024 In \"Timelines\", ten talented collage artists were tasked to capture the spirit of each decade from the 1930s\u2026","rel":"","context":"In &quot;Exhibitions&quot;","block_context":{"text":"Exhibitions","link":"https:\/\/kolajmagazine.com\/content\/category\/content\/collage-exhibitions\/"},"img":{"alt_text":"","src":"https:\/\/i0.wp.com\/kolajmagazine.com\/content\/wp-content\/uploads\/emily-andrews-operation-ivy-web.jpg?resize=350%2C200&ssl=1","width":350,"height":200,"srcset":"https:\/\/i0.wp.com\/kolajmagazine.com\/content\/wp-content\/uploads\/emily-andrews-operation-ivy-web.jpg?resize=350%2C200&ssl=1 1x, https:\/\/i0.wp.com\/kolajmagazine.com\/content\/wp-content\/uploads\/emily-andrews-operation-ivy-web.jpg?resize=525%2C300&ssl=1 1.5x, https:\/\/i0.wp.com\/kolajmagazine.com\/content\/wp-content\/uploads\/emily-andrews-operation-ivy-web.jpg?resize=700%2C400&ssl=1 2x"},"classes":[]},{"id":5606,"url":"https:\/\/kolajmagazine.com\/content\/content\/collage-exhibitions\/the-material-body-of-art\/","url_meta":{"origin":5536,"position":5},"title":"The Material Body of Art","author":"Christopher Byrne","date":"10 February 2017","format":"gallery","excerpt":"The Material Body of Art 13 December 2016-28 February 2017 \"The Material Body of Art\" is a group exhibition that brings together works from Czech artists Jir\u00ed Kol\u00e1r, Bela Kol\u00e1rov\u00e1, and Milan Kn\u00ed\u017e\u00e1k; from Slovenian artists OHO, Irwin, and Matej Stupica; from Bosnian artist Mladen Miljanovic; and from the Montenegrin\u2026","rel":"","context":"In &quot;Exhibitions&quot;","block_context":{"text":"Exhibitions","link":"https:\/\/kolajmagazine.com\/content\/category\/content\/collage-exhibitions\/"},"img":{"alt_text":"","src":"https:\/\/i0.wp.com\/kolajmagazine.com\/content\/wp-content\/uploads\/Milan-Knizak-photo-collage-of-performance-1972.jpg?resize=350%2C200&ssl=1","width":350,"height":200,"srcset":"https:\/\/i0.wp.com\/kolajmagazine.com\/content\/wp-content\/uploads\/Milan-Knizak-photo-collage-of-performance-1972.jpg?resize=350%2C200&ssl=1 1x, https:\/\/i0.wp.com\/kolajmagazine.com\/content\/wp-content\/uploads\/Milan-Knizak-photo-collage-of-performance-1972.jpg?resize=525%2C300&ssl=1 1.5x, https:\/\/i0.wp.com\/kolajmagazine.com\/content\/wp-content\/uploads\/Milan-Knizak-photo-collage-of-performance-1972.jpg?resize=700%2C400&ssl=1 2x"},"classes":[]}],"_links":{"self":[{"href":"https:\/\/kolajmagazine.com\/content\/wp-json\/wp\/v2\/posts\/5536"}],"collection":[{"href":"https:\/\/kolajmagazine.com\/content\/wp-json\/wp\/v2\/posts"}],"about":[{"href":"https:\/\/kolajmagazine.com\/content\/wp-json\/wp\/v2\/types\/post"}],"author":[{"embeddable":true,"href":"https:\/\/kolajmagazine.com\/content\/wp-json\/wp\/v2\/users\/6"}],"replies":[{"embeddable":true,"href":"https:\/\/kolajmagazine.com\/content\/wp-json\/wp\/v2\/comments?post=5536"}],"version-history":[{"count":0,"href":"https:\/\/kolajmagazine.com\/content\/wp-json\/wp\/v2\/posts\/5536\/revisions"}],"wp:featuredmedia":[{"embeddable":true,"href":"https:\/\/kolajmagazine.com\/content\/wp-json\/wp\/v2\/media\/5537"}],"wp:attachment":[{"href":"https:\/\/kolajmagazine.com\/content\/wp-json\/wp\/v2\/media?parent=5536"}],"wp:term":[{"taxonomy":"category","embeddable":true,"href":"https:\/\/kolajmagazine.com\/content\/wp-json\/wp\/v2\/categories?post=5536"},{"taxonomy":"post_tag","embeddable":true,"href":"https:\/\/kolajmagazine.com\/content\/wp-json\/wp\/v2\/tags?post=5536"}],"curies":[{"name":"wp","href":"https:\/\/api.w.org\/{rel}","templated":true}]}}