{"id":8871,"date":"2019-11-18T15:37:04","date_gmt":"2019-11-18T20:37:04","guid":{"rendered":"http:\/\/kolajmagazine.com\/content\/?p=8871"},"modified":"2019-11-19T13:30:21","modified_gmt":"2019-11-19T18:30:21","slug":"wild-spoerri-rosenstein","status":"publish","type":"post","link":"https:\/\/kolajmagazine.com\/content\/content\/collage-exhibitions\/wild-spoerri-rosenstein\/","title":{"rendered":"Wild Spoerri Rosenstein"},"content":{"rendered":"\n<figure class=\"wp-block-image\"><img decoding=\"async\" loading=\"lazy\" width=\"700\" height=\"804\" src=\"http:\/\/kolajmagazine.com\/content\/wp-content\/uploads\/erna-rosenstein-from-the-very-bottom-of-silence.jpg\" alt=\"\" class=\"wp-image-8872\" srcset=\"https:\/\/kolajmagazine.com\/content\/wp-content\/uploads\/erna-rosenstein-from-the-very-bottom-of-silence.jpg 700w, https:\/\/kolajmagazine.com\/content\/wp-content\/uploads\/erna-rosenstein-from-the-very-bottom-of-silence-300x345.jpg 300w, https:\/\/kolajmagazine.com\/content\/wp-content\/uploads\/erna-rosenstein-from-the-very-bottom-of-silence-600x689.jpg 600w, https:\/\/kolajmagazine.com\/content\/wp-content\/uploads\/erna-rosenstein-from-the-very-bottom-of-silence-560x643.jpg 560w, https:\/\/kolajmagazine.com\/content\/wp-content\/uploads\/erna-rosenstein-from-the-very-bottom-of-silence-260x299.jpg 260w, https:\/\/kolajmagazine.com\/content\/wp-content\/uploads\/erna-rosenstein-from-the-very-bottom-of-silence-160x184.jpg 160w\" sizes=\"(max-width: 700px) 100vw, 700px\" \/><figcaption><em>From the Very Bottom of Silence<\/em> by Erna Rosenstein<br>Courtesy of the artist. <\/figcaption><\/figure>\n\n\n\n<h2 class=\"wp-block-heading\">Wild Spoerri Rosenstein<\/h2>\n\n\n\n<h3 class=\"wp-block-heading\">at Apartments of Hotel Am Brillantengrund in Vienna, Austria <br>20-25 November 2019<\/h3>\n\n\n\n<p>&#8220;Wild Spoerri Rosenstein&#8221; is an exhibition of works by students featuring Elisabeth Wild, Daniel Spoerri, and Erna Rosenstein presented as part guest lecturer Adam Szymczyk&#8217;s open class at the Academy of Fine Arts Vienna, &#8220;Principle of Equality&#8221;. The title was borrowed from the eponymous seminar run by Anka Ptaszkowska at the \u00c9cole des Beaux-Arts in Caen, France between 1983 and 2003. The class was inaugurated in March 2019 with a lecture by Anka Ptaszkowska. <\/p>\n\n\n\n<p>Participants include Gleb Amankulov, Bob Schatzi Hausmann, Ra\u00fal Itamar, Nestor Jankovi\u0107, Robert Jolly, Julia Karpova, Yul Koh, Anthia Loizou, Dean Maassen, Paul Makowsky, Swarnaly Mitra Rini, Lorena Moreno Vera, Kamryn Pariso, Laura Pirgie, Ursula Pokorny, Michael Reindel, Camila Rhodi, Hanna Schibel, Firas Shehadeh, and Ji\u0159\u00ed Tom\u00ed\u010dek. <\/p>\n\n\n\n<p>To proclaim the \u201cprinciple of equality\u201d within an esteemed educational institution is to open up a space for uninhibited individual and collective practice. As the class has been progressing, attention was given to listening and being listened to, those two states that form reciprocity, as seen in the dual figures of speaker\/receiver (as per artist Moyra Davey), writer\/reader, artist\/viewer. At some point in the process, these distinctions and their attendant hierarchies must give way to new relationships between equals. <\/p>\n\n\n\n<p>The show takes its cues from students\u2019 personal encounters with the lives and works of three outstanding artists whose trajectories intersect in Vienna: Elisabeth Wild, Daniel Spoerri, and Erna Rosenstein. Wild (n\u00e9e Pollak) was born in Vienna in 1922 and went into exile in Argentina in 1938; she currently lives and works in Panajachel, Guatemala. Spoerri (n\u00e9e Feinstein) was born in Gala\u021bi (Romania) in 1930 and, following his father\u2019s murder by Romanian fascists, fled to Switzerland with his mother and siblings in 1942; he currently lives and works in Vienna. Rosenstein, born in Lemberg (then Austria-Hungary) in 1913, studied at the Frauenakademie in Vienna from 1932 to 1934. She survived the Holocaust and continued to live in Poland until her death in 2004. <\/p>\n\n\n\n<p>Works of art are the fruition of individual lives. Objects and narrations produced by artists tell individual histories. Moments of correspondence can be grasped in the biographies and works of the three artists whose practice sets the tone and opens up an array of possible themes for the exhibition, without necessarily predetermining its varied outcome. <\/p>\n\n\n\n<figure class=\"wp-block-image\"><img decoding=\"async\" loading=\"lazy\" width=\"700\" height=\"467\" src=\"http:\/\/kolajmagazine.com\/content\/wp-content\/uploads\/firas-shehadeh-panajachel.jpg\" alt=\"\" class=\"wp-image-8874\" srcset=\"https:\/\/kolajmagazine.com\/content\/wp-content\/uploads\/firas-shehadeh-panajachel.jpg 700w, https:\/\/kolajmagazine.com\/content\/wp-content\/uploads\/firas-shehadeh-panajachel-300x200.jpg 300w, https:\/\/kolajmagazine.com\/content\/wp-content\/uploads\/firas-shehadeh-panajachel-600x400.jpg 600w, https:\/\/kolajmagazine.com\/content\/wp-content\/uploads\/firas-shehadeh-panajachel-560x374.jpg 560w, https:\/\/kolajmagazine.com\/content\/wp-content\/uploads\/firas-shehadeh-panajachel-260x173.jpg 260w, https:\/\/kolajmagazine.com\/content\/wp-content\/uploads\/firas-shehadeh-panajachel-160x107.jpg 160w\" sizes=\"(max-width: 700px) 100vw, 700px\" \/><figcaption> <em>Panajachel<\/em> by  Firas Shehadeh <br>Courtesy of the artist.<\/figcaption><\/figure>\n\n\n\n<p>As poet, painter, and author of sculptures made of found objects, Erna Rosenstein chose surrealist poetics to give a form to memory in the post-Holocaust era, returning to traumatic episodes from her and her family\u2019s personal biography, inscribed in the Shoah. The exhibition features a work from her \u201cHomeless Pictures\u201d series, an assemblage of paintings on wood board: <em>From the Very Bottom of Silence<\/em> (1986). <\/p>\n\n\n\n<p>Daniel Spoerri\u2019s iconic \u201cpicture-traps\u201d or \u201csnare-pictures\u201d are assemblages capturing unique situations and relations between people. The artist likened these works to snapshots, insofar as they materialize specific moments, giving them a provisional permanence. His recent works draw from the nameless and rootless world of things found in flea markets of Vienna. In the exhibition, he will show a selection of visual poems \u201cFadenscheinige Orakel\u201d (Flimsy Oracles) made of words and phrases cut out from poems and maxims stitched on wall hangings typically found in Austrian homes. <\/p>\n\n\n\n<figure class=\"wp-block-image\"><img decoding=\"async\" loading=\"lazy\" width=\"700\" height=\"723\" src=\"http:\/\/kolajmagazine.com\/content\/wp-content\/uploads\/elisabeth-wild-untitled.jpg\" alt=\"\" class=\"wp-image-8873\" srcset=\"https:\/\/kolajmagazine.com\/content\/wp-content\/uploads\/elisabeth-wild-untitled.jpg 700w, https:\/\/kolajmagazine.com\/content\/wp-content\/uploads\/elisabeth-wild-untitled-300x310.jpg 300w, https:\/\/kolajmagazine.com\/content\/wp-content\/uploads\/elisabeth-wild-untitled-600x620.jpg 600w, https:\/\/kolajmagazine.com\/content\/wp-content\/uploads\/elisabeth-wild-untitled-560x578.jpg 560w, https:\/\/kolajmagazine.com\/content\/wp-content\/uploads\/elisabeth-wild-untitled-260x269.jpg 260w, https:\/\/kolajmagazine.com\/content\/wp-content\/uploads\/elisabeth-wild-untitled-160x165.jpg 160w\" sizes=\"(max-width: 700px) 100vw, 700px\" \/><figcaption><em>Untitled <\/em>by Elisabeth Wild<br>Courtesy of the artist.<\/figcaption><\/figure>\n\n\n\n<p>Elisabeth Wild makes a collage a day. Leafing through glossy magazines on art, fashion, home d\u00e9cor, architecture, and design, she cuts up worn pictures of commodities to let a wholly new world come into being. These modestly sized works serve as a diary\u2014but one that constantly produces its own content rather than just records events of the day. In the exhibition, a group of untitled collages created in 2017 will be displayed against the color backdrop chosen by the artist. (Elisabeth Wild was profiled by Etty Yaniv in <em>Kolaj<\/em> #21. Read more <a href=\"https:\/\/kolajmagazine.com\/content\/content\/articles\/the-art-of-letting-go\/\">HERE<\/a>.)<\/p>\n\n\n\n<p>The exhibition takes place in the rooms of a typical nineteenth-century Viennese residential building in the Neubau district. In 1938, some of the building\u2019s Jewish tenants left Vienna, fearing repressions, and then lost their lives in Theresienstadt concentration camp. Today, several apartments in the building are used by guests of the hotel next door. Making a work of art gives a form to the longing for a place and permanence that can never be reached. Other worlds emerge that are remembrances of those once known and inhabited.<\/p>\n\n\n\n<p><em>(text adapted from the curator&#8217;s press materials)<\/em>  <\/p>\n\n\n\n<hr class=\"wp-block-separator\"\/>\n\n\n\n<p><strong>INFORMATION<\/strong><\/p>\n\n\n\n<p><strong>Apartments of Hotel Am Brillantengrund<\/strong><br>Bandgasse 2<br>1070 Vienna, Austria<\/p>\n\n\n\n<p>Hours:<br>Noon-7PM<br>Visits are possible every hour on the hour and only by appointment. To arrange a personal tour of the exhibition please email <a href=\"mailto:something@brillantengrund.com\" target=\"_blank\" rel=\"noreferrer noopener\" aria-label=\"something@brillantengrund.com (opens in a new tab)\">something@brillantengrund.com<\/a>  <\/p>\n\n\n\n<p><a rel=\"noreferrer noopener\" aria-label=\" (opens in a new tab)\" href=\"https:\/\/goo.gl\/maps\/C9CDGwrSCMcpmqjA7\" target=\"_blank\">MAP<\/a> | <a rel=\"noreferrer noopener\" aria-label=\" (opens in a new tab)\" href=\"https:\/\/www.akbild.ac.at\/Portal\/organisation\/aktuelles\/ausstellungen-vermittlung\/wild-spoerri-rosenstein\" target=\"_blank\">WEBSITE<\/a> <\/p>\n","protected":false},"excerpt":{"rendered":"<p>Wild Spoerri Rosenstein at Apartments of Hotel Am Brillantengrund in Vienna, Austria 20-25 November 2019 &#8220;Wild Spoerri Rosenstein&#8221; is an exhibition of works by students featuring Elisabeth Wild, Daniel Spoerri, and Erna Rosenstein presented as part guest lecturer Adam Szymczyk&#8217;s&hellip;<\/p>\n<p class=\"more-link-p\"><a class=\"more-link\" href=\"https:\/\/kolajmagazine.com\/content\/content\/collage-exhibitions\/wild-spoerri-rosenstein\/\">Read more &rarr;<\/a><\/p>\n","protected":false},"author":6,"featured_media":8872,"comment_status":"closed","ping_status":"closed","sticky":false,"template":"","format":"gallery","meta":{"jetpack_post_was_ever_published":false,"_jetpack_newsletter_access":"","footnotes":""},"categories":[11],"tags":[],"jetpack_featured_media_url":"https:\/\/kolajmagazine.com\/content\/wp-content\/uploads\/erna-rosenstein-from-the-very-bottom-of-silence.jpg","jetpack_shortlink":"https:\/\/wp.me\/p2QTD7-2j5","jetpack_sharing_enabled":true,"jetpack_likes_enabled":true,"jetpack-related-posts":[{"id":6569,"url":"https:\/\/kolajmagazine.com\/content\/content\/articles\/the-art-of-letting-go\/","url_meta":{"origin":8871,"position":0},"title":"The Art of Letting Go","author":"Christopher Byrne","date":"17 January 2018","format":"gallery","excerpt":"FROM KOLAJ 21 Elisabeth Wild\u2019s Collages Elisabeth Wild is a ninety-five-year-old artist whose rich biography spans historical upheavals and vastly different geographies. It begins in 1922 Vienna, where she was born to a family of Jewish wine merchants that managed to flee the Nazis for Argentina. There, she worked in\u2026","rel":"","context":"In &quot;Articles&quot;","block_context":{"text":"Articles","link":"https:\/\/kolajmagazine.com\/content\/category\/content\/articles\/"},"img":{"alt_text":"","src":"https:\/\/i0.wp.com\/kolajmagazine.com\/content\/wp-content\/uploads\/collage-by-Elisabeth-Wild.jpg?resize=350%2C200&ssl=1","width":350,"height":200,"srcset":"https:\/\/i0.wp.com\/kolajmagazine.com\/content\/wp-content\/uploads\/collage-by-Elisabeth-Wild.jpg?resize=350%2C200&ssl=1 1x, https:\/\/i0.wp.com\/kolajmagazine.com\/content\/wp-content\/uploads\/collage-by-Elisabeth-Wild.jpg?resize=525%2C300&ssl=1 1.5x, https:\/\/i0.wp.com\/kolajmagazine.com\/content\/wp-content\/uploads\/collage-by-Elisabeth-Wild.jpg?resize=700%2C400&ssl=1 2x"},"classes":[]},{"id":8788,"url":"https:\/\/kolajmagazine.com\/content\/content\/collage-exhibitions\/life-in-the-dales\/","url_meta":{"origin":8871,"position":1},"title":"Life in the Dales","author":"Christopher Byrne","date":"18 October 2019","format":"gallery","excerpt":"Bain Valley Twilight, Yorkshire Dales by Janet Rawlinsfabric collage; 2015Courtesy of the artist and Leeds Arts University COLLAGE ON VIEW Janet Rawlins: Life in the Dales at the Vernon Street Gallery at Leeds Arts University in Leeds, England13 September-1 November 2019 Janet Rawlins is an artist and illustratior and an\u2026","rel":"","context":"In &quot;Exhibitions&quot;","block_context":{"text":"Exhibitions","link":"https:\/\/kolajmagazine.com\/content\/category\/content\/collage-exhibitions\/"},"img":{"alt_text":"","src":"https:\/\/i0.wp.com\/kolajmagazine.com\/content\/wp-content\/uploads\/Janet-Rawlins-Bain-Valley-Twilight-Yorks-Dales-web.jpg?resize=350%2C200&ssl=1","width":350,"height":200,"srcset":"https:\/\/i0.wp.com\/kolajmagazine.com\/content\/wp-content\/uploads\/Janet-Rawlins-Bain-Valley-Twilight-Yorks-Dales-web.jpg?resize=350%2C200&ssl=1 1x, https:\/\/i0.wp.com\/kolajmagazine.com\/content\/wp-content\/uploads\/Janet-Rawlins-Bain-Valley-Twilight-Yorks-Dales-web.jpg?resize=525%2C300&ssl=1 1.5x, https:\/\/i0.wp.com\/kolajmagazine.com\/content\/wp-content\/uploads\/Janet-Rawlins-Bain-Valley-Twilight-Yorks-Dales-web.jpg?resize=700%2C400&ssl=1 2x"},"classes":[]},{"id":8006,"url":"https:\/\/kolajmagazine.com\/content\/content\/collage-exhibitions\/pieces\/","url_meta":{"origin":8871,"position":2},"title":"Pieces","author":"Christopher Byrne","date":"30 March 2019","format":"gallery","excerpt":"COLLAGE ON VIEW Jakob Kolding: Pieces at Galerie Martin Janda in Vienna, Austria 8 March-20 April 2019 Building on Kolding's interest in constructing identities, \"Pieces\" brings together a wide range of visual narratives converging on continuous negotiations between individual and society. The concept of symbiosis plays a key role in\u2026","rel":"","context":"In &quot;Exhibitions&quot;","block_context":{"text":"Exhibitions","link":"https:\/\/kolajmagazine.com\/content\/category\/content\/collage-exhibitions\/"},"img":{"alt_text":"","src":"https:\/\/i0.wp.com\/kolajmagazine.com\/content\/wp-content\/uploads\/jakob-kolding-pieces.jpg?resize=350%2C200&ssl=1","width":350,"height":200,"srcset":"https:\/\/i0.wp.com\/kolajmagazine.com\/content\/wp-content\/uploads\/jakob-kolding-pieces.jpg?resize=350%2C200&ssl=1 1x, https:\/\/i0.wp.com\/kolajmagazine.com\/content\/wp-content\/uploads\/jakob-kolding-pieces.jpg?resize=525%2C300&ssl=1 1.5x, https:\/\/i0.wp.com\/kolajmagazine.com\/content\/wp-content\/uploads\/jakob-kolding-pieces.jpg?resize=700%2C400&ssl=1 2x"},"classes":[]},{"id":2073,"url":"https:\/\/kolajmagazine.com\/content\/content\/articles\/collage-in-salzburg-and-hallein\/","url_meta":{"origin":8871,"position":3},"title":"Collage at Salzberg International Summer Academy of Fine Arts","author":"Christopher Byrne","date":"19 July 2013","format":"gallery","excerpt":"7 August-7 September 2013 Collage at Salzberg International Summer Academy of Fine Arts New York and Vienna-based Swiss artist Christoph Draeger\u2019s work is about our \u201cdisaster and media-saturated culture\u201d. In August, Draeger is teaching a course \u201cSimsalaboom! Before you learn to fly, learn how to fall\u201d, which moves \u201cthe age\u2026","rel":"","context":"In &quot;Articles&quot;","block_context":{"text":"Articles","link":"https:\/\/kolajmagazine.com\/content\/category\/content\/articles\/"},"img":{"alt_text":"","src":"https:\/\/i0.wp.com\/kolajmagazine.com\/content\/wp-content\/uploads\/Catastrophe-2-Christoph-Draeger.jpg?resize=350%2C200&ssl=1","width":350,"height":200,"srcset":"https:\/\/i0.wp.com\/kolajmagazine.com\/content\/wp-content\/uploads\/Catastrophe-2-Christoph-Draeger.jpg?resize=350%2C200&ssl=1 1x, https:\/\/i0.wp.com\/kolajmagazine.com\/content\/wp-content\/uploads\/Catastrophe-2-Christoph-Draeger.jpg?resize=525%2C300&ssl=1 1.5x, https:\/\/i0.wp.com\/kolajmagazine.com\/content\/wp-content\/uploads\/Catastrophe-2-Christoph-Draeger.jpg?resize=700%2C400&ssl=1 2x"},"classes":[]},{"id":15239,"url":"https:\/\/kolajmagazine.com\/content\/kolaj-fest-new-orleans\/pop-up-collage-at-kolaj-fest-new-orleans-2024\/","url_meta":{"origin":8871,"position":4},"title":"Pop-Up Collage at Kolaj Fest New Orleans 2024","author":"Christopher Byrne","date":"7 May 2024","format":"gallery","excerpt":"from the \"Reliefs\" series by Catherine Plaisance19.7\"x23.6\"x4\"; inkjet print; 2020-2021. Courtesy of the artist. WORKSHOP AT KOLAJ FEST NEW ORLEANS 2024 Pop-Up Collage Friday, 14 June 2024, 12:45-1:45PMNew Orleans Healing CenterCatherine Plaisance EVENT WEBSITE\u00a0|\u00a0REGISTER Kolaj Fest New Orleans is a multi-day festival and symposium about contemporary collage and its role\u2026","rel":"","context":"In &quot;Kolaj Fest New Orleans&quot;","block_context":{"text":"Kolaj Fest New Orleans","link":"https:\/\/kolajmagazine.com\/content\/category\/kolaj-fest-new-orleans\/"},"img":{"alt_text":"","src":"https:\/\/i0.wp.com\/kolajmagazine.com\/content\/wp-content\/uploads\/Catherine-Plaisance.jpg?resize=350%2C200&ssl=1","width":350,"height":200,"srcset":"https:\/\/i0.wp.com\/kolajmagazine.com\/content\/wp-content\/uploads\/Catherine-Plaisance.jpg?resize=350%2C200&ssl=1 1x, https:\/\/i0.wp.com\/kolajmagazine.com\/content\/wp-content\/uploads\/Catherine-Plaisance.jpg?resize=525%2C300&ssl=1 1.5x, https:\/\/i0.wp.com\/kolajmagazine.com\/content\/wp-content\/uploads\/Catherine-Plaisance.jpg?resize=700%2C400&ssl=1 2x"},"classes":[]},{"id":9217,"url":"https:\/\/kolajmagazine.com\/content\/content\/collage-exhibitions\/steps-on-steppes\/","url_meta":{"origin":8871,"position":5},"title":"Steps on Steppes","author":"Christopher Byrne","date":"14 January 2020","format":"gallery","excerpt":"Big Blue by Naomi Schlinke60\"x48\"x1\"; ink on mulberry paper collaged to painted panel; 2019. Courtesy of the artist. COLLAGE ON VIEW Steppes on Steps: Naomi Schlinke & James Turner at Northern-Southern in Austin, Texas, USA11 January-15 February 2020 James Turner and Naomi Schlinke paint collages and collage paintings. Making becomes\u2026","rel":"","context":"In &quot;Exhibitions&quot;","block_context":{"text":"Exhibitions","link":"https:\/\/kolajmagazine.com\/content\/category\/content\/collage-exhibitions\/"},"img":{"alt_text":"","src":"https:\/\/i0.wp.com\/kolajmagazine.com\/content\/wp-content\/uploads\/naomi-schlinke-big-blue.jpg?resize=350%2C200&ssl=1","width":350,"height":200,"srcset":"https:\/\/i0.wp.com\/kolajmagazine.com\/content\/wp-content\/uploads\/naomi-schlinke-big-blue.jpg?resize=350%2C200&ssl=1 1x, https:\/\/i0.wp.com\/kolajmagazine.com\/content\/wp-content\/uploads\/naomi-schlinke-big-blue.jpg?resize=525%2C300&ssl=1 1.5x, https:\/\/i0.wp.com\/kolajmagazine.com\/content\/wp-content\/uploads\/naomi-schlinke-big-blue.jpg?resize=700%2C400&ssl=1 2x"},"classes":[]}],"_links":{"self":[{"href":"https:\/\/kolajmagazine.com\/content\/wp-json\/wp\/v2\/posts\/8871"}],"collection":[{"href":"https:\/\/kolajmagazine.com\/content\/wp-json\/wp\/v2\/posts"}],"about":[{"href":"https:\/\/kolajmagazine.com\/content\/wp-json\/wp\/v2\/types\/post"}],"author":[{"embeddable":true,"href":"https:\/\/kolajmagazine.com\/content\/wp-json\/wp\/v2\/users\/6"}],"replies":[{"embeddable":true,"href":"https:\/\/kolajmagazine.com\/content\/wp-json\/wp\/v2\/comments?post=8871"}],"version-history":[{"count":0,"href":"https:\/\/kolajmagazine.com\/content\/wp-json\/wp\/v2\/posts\/8871\/revisions"}],"wp:featuredmedia":[{"embeddable":true,"href":"https:\/\/kolajmagazine.com\/content\/wp-json\/wp\/v2\/media\/8872"}],"wp:attachment":[{"href":"https:\/\/kolajmagazine.com\/content\/wp-json\/wp\/v2\/media?parent=8871"}],"wp:term":[{"taxonomy":"category","embeddable":true,"href":"https:\/\/kolajmagazine.com\/content\/wp-json\/wp\/v2\/categories?post=8871"},{"taxonomy":"post_tag","embeddable":true,"href":"https:\/\/kolajmagazine.com\/content\/wp-json\/wp\/v2\/tags?post=8871"}],"curies":[{"name":"wp","href":"https:\/\/api.w.org\/{rel}","templated":true}]}}